{"id":51,"date":"2012-08-31T10:17:04","date_gmt":"2012-08-31T10:17:04","guid":{"rendered":"http:\/\/blogs.elnortedecastilla.es\/tierraparalimpica\/?p=51"},"modified":"2012-08-31T10:17:04","modified_gmt":"2012-08-31T10:17:04","slug":"amaya-alonso-finaliza-sexta-en-la-final-de-400-metros-libres","status":"publish","type":"post","link":"https:\/\/blogs.elnortedecastilla.es\/tierraparalimpica\/2012\/08\/31\/amaya-alonso-finaliza-sexta-en-la-final-de-400-metros-libres\/","title":{"rendered":"Amaya Alonso finaliza sexta en la final de 400 metros libres"},"content":{"rendered":"<p><strong>\u00a0La nadadora vallisoletana realiza un buen papel en una final en la que su compatriota Font consigue el bronce<\/strong><\/p>\n<p><strong>\u00a0La delegaci\u00f3n nacional\u00a0logra\u00a0seis medallas en una primera jornada en la que la selecci\u00f3n de BSR de Daniel Rodr\u00edguez debuta con triunfo ante Italia (67-40) <\/strong><\/p>\n<p>&nbsp;<\/p>\n<p><img loading=\"lazy\" class=\"aligncenter\" style=\"vertical-align: text-top; margin-left: 5px; margin-right: 5px;\" src=\"\/tierraparalimpica\/wp-content\/uploads\/sites\/17\/2012\/08\/665.jpg\" alt=\"\" width=\"647\" height=\"374\" \/><\/p>\n<p><em>David F. Atienzar | Londres<\/em><\/p>\n<p align=\"justify\">Se cumplieron los pron\u00f3sticos. Amaya Alonso disput\u00f3 la final de los 400 metros libres y acab\u00f3 sexta a escasas 20 cent\u00e9simas de la nadadora de Azerbay\u00e1n Natali Pronina. En una final en la que dominaron la rusa Savchenko y la inglesa Russell,\u00a0la nadadora con discapacidad visual\u00a0pronto perdi\u00f3 contacto con el grupo de cabeza en el que tambi\u00e9n se encontraba la espa\u00f1ola Debor\u00e1 Font. La vallisoletana luch\u00f3 en todo momento por las plazas que prosegu\u00edan al podio y fue de menos a m\u00e1s, qued\u00e1ndose a las puertas del quinto puesto con un tiempo de 4\u00b453&#8220;58, un segundo m\u00e1s que la marca conseguida durante las semifinales disputadas por la ma\u00f1ana.<\/p>\n<p align=\"justify\">El duelo por el primer puesto fue apasionante, con una grada volcada con Russell que la llev\u00f3 en volandas durante toda la prueba. Pese a ir en cabeza durante una buena parte de la competici\u00f3n, la rusa Savchenko acab\u00f3 imponiendose para sorpresa de los presentes, ya que en las preliminares se hab\u00eda clasificado con la octava mejor marca. Tras ellas, Font complet\u00f3 el podio, ante la atenta mirada de la Infanta Elena, presente en la grada y que cumple con la tradici\u00f3n de apoyar a los deportistas paral\u00edmpicos desde Barcelona 92.<\/p>\n<p align=\"justify\">Alonso cont\u00f3 tambi\u00e9n con la presencia de su familia entre el publico asistente.\u00a0Sus padres y su hermana la\u00a0siguen incondicionalmente a todas las competiciones y se mostraban satisfechos ante el resultado obtenido. Desde la grada del Aquatics Center de Londres, pudieron comprobar como su hija acababa exhausta y reconocieron que\u00a0Amaya tiene mucho margen de mejora.<\/p>\n<p>&nbsp;<\/p>\n<p><strong>Los deportistas de Castilla y Le\u00f3n debutan con suerte dispar<\/strong><\/p>\n<p align=\"justify\">Por otro lado, el equipo de baloncesto en silla de ruedas del que forma parte el vallisoletano Daniel rodr\u00edguez se impuso a la selecci\u00f3n italiana por 67 a 40. Rodr\u00edguez disput\u00f3 32 minutos y gui\u00f3 al equipo hacia la victoria con un porcentaje de acierto notable.<\/p>\n<p align=\"justify\">Finalmente, el nadador salmantino Alejandro S\u00e1nchez, no pudo clasificarse para la final de 100 metros mariposa categor\u00eda S8, en una prueba que le sirvi\u00f3 como preparaci\u00f3n para la disputa de las pr\u00f3ximas modalidades.<\/p>\n","protected":false},"excerpt":{"rendered":"<p>\u00a0La nadadora vallisoletana realiza un buen papel en una final en la que su compatriota Font consigue el bronce \u00a0La delegaci\u00f3n nacional\u00a0logra\u00a0seis medallas en una primera jornada en la que la selecci\u00f3n de BSR de Daniel Rodr\u00edguez debuta con triunfo ante Italia (67-40) &nbsp; David F. Atienzar | Londres Se cumplieron los pron\u00f3sticos. Amaya Alonso [&hellip;]<\/p>\n","protected":false},"author":27,"featured_media":0,"comment_status":"open","ping_status":"closed","sticky":false,"template":"","format":"standard","meta":[],"categories":[4],"tags":[],"_links":{"self":[{"href":"https:\/\/blogs.elnortedecastilla.es\/tierraparalimpica\/wp-json\/wp\/v2\/posts\/51"}],"collection":[{"href":"https:\/\/blogs.elnortedecastilla.es\/tierraparalimpica\/wp-json\/wp\/v2\/posts"}],"about":[{"href":"https:\/\/blogs.elnortedecastilla.es\/tierraparalimpica\/wp-json\/wp\/v2\/types\/post"}],"author":[{"embeddable":true,"href":"https:\/\/blogs.elnortedecastilla.es\/tierraparalimpica\/wp-json\/wp\/v2\/users\/27"}],"replies":[{"embeddable":true,"href":"https:\/\/blogs.elnortedecastilla.es\/tierraparalimpica\/wp-json\/wp\/v2\/comments?post=51"}],"version-history":[{"count":0,"href":"https:\/\/blogs.elnortedecastilla.es\/tierraparalimpica\/wp-json\/wp\/v2\/posts\/51\/revisions"}],"wp:attachment":[{"href":"https:\/\/blogs.elnortedecastilla.es\/tierraparalimpica\/wp-json\/wp\/v2\/media?parent=51"}],"wp:term":[{"taxonomy":"category","embeddable":true,"href":"https:\/\/blogs.elnortedecastilla.es\/tierraparalimpica\/wp-json\/wp\/v2\/categories?post=51"},{"taxonomy":"post_tag","embeddable":true,"href":"https:\/\/blogs.elnortedecastilla.es\/tierraparalimpica\/wp-json\/wp\/v2\/tags?post=51"}],"curies":[{"name":"wp","href":"https:\/\/api.w.org\/{rel}","templated":true}]}}