{"id":54,"date":"2012-08-31T12:37:30","date_gmt":"2012-08-31T12:37:30","guid":{"rendered":"http:\/\/blogs.elnortedecastilla.es\/tierraparalimpica\/?p=54"},"modified":"2012-08-31T12:37:30","modified_gmt":"2012-08-31T12:37:30","slug":"amaya-alonso-cuando-lo-das-todo-no-puedes-estar-descontenta","status":"publish","type":"post","link":"https:\/\/blogs.elnortedecastilla.es\/tierraparalimpica\/2012\/08\/31\/amaya-alonso-cuando-lo-das-todo-no-puedes-estar-descontenta\/","title":{"rendered":"Amaya Alonso: \u00abCuando lo das todo, no puedes estar descontenta\u00bb"},"content":{"rendered":"<p><strong>\u00b7 La nadadora vallisoletana, sexta en la final de los 400 libres, espera colarse en tres finales m\u00e1s e igualar su papel en Pek\u00edn<br \/>\n<\/strong><br \/>\n<em>David F. Atienzar | Londres<\/em><\/p>\n<p align=\"justify\"><img loading=\"lazy\" class=\"alignright\" style=\"vertical-align: text-top; margin: 10px;\" src=\"https:\/\/p.twimg.com\/A1cXmWaCUAASWUH.jpg\" alt=\"\" width=\"315\" height=\"235\" \/>Pese a que no era su prueba, <a href=\"https:\/\/blogs.elnortedecastilla.es\/tierraparalimpica\/2012\/07\/24\/la-alumna-aventajada\/\" target=\"_blank\">Amaya Alonso<\/a> sal\u00eda con el regustillo amargo de no haber conseguido mejorar la marca que la permiti\u00f3 <strong>clasificarse para la final de los 400 metros libres<\/strong>. \u00abLo he dado todo y no puedo estar descontenta\u00bb, declar\u00f3 en relaci\u00f3n al <a href=\"https:\/\/blogs.elnortedecastilla.es\/tierraparalimpica\/2012\/08\/31\/amaya-alonso-finaliza-sexta-en-la-final-de-400-metros-libres\/\" target=\"_blank\">sexto puesto en la final paral\u00edmpica<\/a>. \u00abLa prueba ha sido bastante r\u00e1pida y yo no he podido rebajar la marca de las semifinales\u00bb, se\u00f1al\u00f3 algo molesta.<\/p>\n<p align=\"justify\">No obstante, la vallisoletana es <strong>optimista<\/strong> y apuesta por los 1<strong>00 metros espalda como la principal opci\u00f3n de subirse al podio<\/strong>. Eso ser\u00e1 el pr\u00f3ximo <strong>mi\u00e9rcoles, 5 de septiembre<\/strong>. Antes, tendr\u00e1 que disputar tres pruebas m\u00e1s en las que, sin duda, se dejar\u00e1 la piel. \u00abVoy a ir a por todas y como m\u00ednimo tengo que igualar lo conseguido en Pek\u00edn\u00bb, comcluy\u00f3 haciendo referencia a la disputa de <strong>tres finales paral\u00edmpicas<\/strong>.<\/p>\n","protected":false},"excerpt":{"rendered":"<p>\u00b7 La nadadora vallisoletana, sexta en la final de los 400 libres, espera colarse en tres finales m\u00e1s e igualar su papel en Pek\u00edn David F. Atienzar | Londres Pese a que no era su prueba, Amaya Alonso sal\u00eda con el regustillo amargo de no haber conseguido mejorar la marca que la permiti\u00f3 clasificarse para [&hellip;]<\/p>\n","protected":false},"author":27,"featured_media":0,"comment_status":"open","ping_status":"closed","sticky":false,"template":"","format":"standard","meta":[],"categories":[4],"tags":[],"_links":{"self":[{"href":"https:\/\/blogs.elnortedecastilla.es\/tierraparalimpica\/wp-json\/wp\/v2\/posts\/54"}],"collection":[{"href":"https:\/\/blogs.elnortedecastilla.es\/tierraparalimpica\/wp-json\/wp\/v2\/posts"}],"about":[{"href":"https:\/\/blogs.elnortedecastilla.es\/tierraparalimpica\/wp-json\/wp\/v2\/types\/post"}],"author":[{"embeddable":true,"href":"https:\/\/blogs.elnortedecastilla.es\/tierraparalimpica\/wp-json\/wp\/v2\/users\/27"}],"replies":[{"embeddable":true,"href":"https:\/\/blogs.elnortedecastilla.es\/tierraparalimpica\/wp-json\/wp\/v2\/comments?post=54"}],"version-history":[{"count":0,"href":"https:\/\/blogs.elnortedecastilla.es\/tierraparalimpica\/wp-json\/wp\/v2\/posts\/54\/revisions"}],"wp:attachment":[{"href":"https:\/\/blogs.elnortedecastilla.es\/tierraparalimpica\/wp-json\/wp\/v2\/media?parent=54"}],"wp:term":[{"taxonomy":"category","embeddable":true,"href":"https:\/\/blogs.elnortedecastilla.es\/tierraparalimpica\/wp-json\/wp\/v2\/categories?post=54"},{"taxonomy":"post_tag","embeddable":true,"href":"https:\/\/blogs.elnortedecastilla.es\/tierraparalimpica\/wp-json\/wp\/v2\/tags?post=54"}],"curies":[{"name":"wp","href":"https:\/\/api.w.org\/{rel}","templated":true}]}}