{"id":56,"date":"2012-08-31T18:06:54","date_gmt":"2012-08-31T18:06:54","guid":{"rendered":"http:\/\/blogs.elnortedecastilla.es\/tierraparalimpica\/?p=56"},"modified":"2012-08-31T18:06:54","modified_gmt":"2012-08-31T18:06:54","slug":"un-bronce-con-sabor-a-despedida","status":"publish","type":"post","link":"https:\/\/blogs.elnortedecastilla.es\/tierraparalimpica\/2012\/08\/31\/un-bronce-con-sabor-a-despedida\/","title":{"rendered":"Un bronce con sabor a despedida"},"content":{"rendered":"<p><strong>\u00b7 Marta Arce logra una nueva medalla en Londres en sus \u00faltimas Paralimpiadas, y despu\u00e9s de los \u00e9xitos cosechados en Pek\u00edn y en Atenas<br \/>\n<\/strong><\/p>\n<p><strong>\u00b7 La judoca vallisoletana, que tiene deficiencia visual y compite en la categor\u00eda de hasta 63 kilos, vence en el combate por el bronce a la finlandesa Paivi Tolppanen por inmovilizaci\u00f3n<\/strong><\/p>\n<p>&nbsp;<\/p>\n<p><img class=\"aligncenter\" style=\"vertical-align: text-top; margin-left: 5px; margin-right: 5px;\" src=\"\/\/www.paralimpicos.es\/publicacion\/noticias\/fotos\/md\/MartaArceeditada.jpg\" alt=\"\" width=\"647\" \/><\/p>\n<p align=\"justify\">Aunque no se sent\u00eda favorita, la <strong>judoca vallisoletana Marta Arce<\/strong> era <a href=\"https:\/\/blogs.elnortedecastilla.es\/tierraparalimpica\/2012\/08\/06\/marta-arce-una-apuesta-segura\/\" target=\"_blank\">la principal candidata a subirse a lo m\u00e1s alto del caj\u00f3n<\/a> en la categor\u00eda de hasta <strong>63 kilogramos para deficientes visuales<\/strong>. Sin embargo, Arce, quien previsiblemente ha puesto la guinda a su carrera deportiva en los Juegos Paral\u00edmpicos, tuvo que conformarse con <strong>una meritoria medalla de bronce<\/strong>.<\/p>\n<p align=\"justify\">Arce <strong>derrot\u00f3 en la lucha por el tercer puesto a la finlandesa Paivi Tolppanen<\/strong> por inmovilizaci\u00f3n a falta de poco m\u00e1s de tres minutos para el final, en una lucha apretada porque su rival hab\u00eda conseguido un &#8216;yuko&#8217; que le dio diez puntos de ventaja.<\/p>\n<p align=\"justify\">Anteriormente,<strong> la judoca, de 35 a\u00f1os<\/strong>, derrot\u00f3 a la sueca Nicolina Pernheim y perdi\u00f3 en las semifinales ante la cubana Dalidaivis Rodr\u00edguez, un combate que no min\u00f3 la moral de una de las deportistas m\u00e1s veteranas de la expedici\u00f3n paral\u00edmpica.<\/p>\n<p align=\"justify\">El combate de repesca se celebr\u00f3 en el Pabell\u00f3n North Arena 2 ante unas gradas abarrotadas de p\u00fablico, y que fue presenciado por la infanta Elena, el embajador de Espa\u00f1a en el Reino Unido, Federico Trillo, y representantes de empresas patrocinadoras del Plan ADOP, quienes corearon el nombre de Marta y animaron a la vallisoletana durante todo el combate.<\/p>\n<p align=\"justify\">Tras lograr la medalla Marta mostr\u00f3 su <strong>\u00absatisfacci\u00f3n\u00bb<\/strong>, porque fue la primera vez que ganaba un combate por medalla \u00aben muchos a\u00f1os\u00bb. \u00abEste combate lo he visto chungo. Ha habido un momento que lo ten\u00eda dif\u00edcil, pero he conseguido inmovilizarla. <strong>Es el fruto a un enorme trabajo y ahora toca disfrutarlo<\/strong>\u00bb, subray\u00f3.<\/p>\n<p align=\"justify\">Con este resultado, Arce suma ya <strong>su tercera medalla paral\u00edmpica<\/strong>, ya que en Atenas 2004 (momento en que se estren\u00f3 el judo femenino como paral\u00edmpico) y en Pek\u00edn 2008 obtuvo sendas preseas de plata.<\/p>\n<p align=\"justify\">Marta Arce tiene en su palmar\u00e9s, entre otros \u00e9xitos, las medallas de oro logradas en los campeonatos de Europa de 1997, disputado en Cit\u00e1 di Castello (Italia); de 1999, en Mitersill (Austria), y de 2006, en Brommat (Francia), as\u00ed como en la Copa del Mundo que tuvo lugar en R\u00edo de Janeiro en 2001.<\/p>\n","protected":false},"excerpt":{"rendered":"<p>\u00b7 Marta Arce logra una nueva medalla en Londres en sus \u00faltimas Paralimpiadas, y despu\u00e9s de los \u00e9xitos cosechados en Pek\u00edn y en Atenas \u00b7 La judoca vallisoletana, que tiene deficiencia visual y compite en la categor\u00eda de hasta 63 kilos, vence en el combate por el bronce a la finlandesa Paivi Tolppanen por inmovilizaci\u00f3n [&hellip;]<\/p>\n","protected":false},"author":27,"featured_media":0,"comment_status":"open","ping_status":"closed","sticky":false,"template":"","format":"standard","meta":[],"categories":[4],"tags":[],"_links":{"self":[{"href":"https:\/\/blogs.elnortedecastilla.es\/tierraparalimpica\/wp-json\/wp\/v2\/posts\/56"}],"collection":[{"href":"https:\/\/blogs.elnortedecastilla.es\/tierraparalimpica\/wp-json\/wp\/v2\/posts"}],"about":[{"href":"https:\/\/blogs.elnortedecastilla.es\/tierraparalimpica\/wp-json\/wp\/v2\/types\/post"}],"author":[{"embeddable":true,"href":"https:\/\/blogs.elnortedecastilla.es\/tierraparalimpica\/wp-json\/wp\/v2\/users\/27"}],"replies":[{"embeddable":true,"href":"https:\/\/blogs.elnortedecastilla.es\/tierraparalimpica\/wp-json\/wp\/v2\/comments?post=56"}],"version-history":[{"count":0,"href":"https:\/\/blogs.elnortedecastilla.es\/tierraparalimpica\/wp-json\/wp\/v2\/posts\/56\/revisions"}],"wp:attachment":[{"href":"https:\/\/blogs.elnortedecastilla.es\/tierraparalimpica\/wp-json\/wp\/v2\/media?parent=56"}],"wp:term":[{"taxonomy":"category","embeddable":true,"href":"https:\/\/blogs.elnortedecastilla.es\/tierraparalimpica\/wp-json\/wp\/v2\/categories?post=56"},{"taxonomy":"post_tag","embeddable":true,"href":"https:\/\/blogs.elnortedecastilla.es\/tierraparalimpica\/wp-json\/wp\/v2\/tags?post=56"}],"curies":[{"name":"wp","href":"https:\/\/api.w.org\/{rel}","templated":true}]}}