{"id":59,"date":"2012-08-31T22:13:19","date_gmt":"2012-08-31T22:13:19","guid":{"rendered":"http:\/\/blogs.elnortedecastilla.es\/tierraparalimpica\/?p=59"},"modified":"2012-08-31T22:13:19","modified_gmt":"2012-08-31T22:13:19","slug":"marta-arce-esta-medalla-me-ha-costado-mas-que-ninguna","status":"publish","type":"post","link":"https:\/\/blogs.elnortedecastilla.es\/tierraparalimpica\/2012\/08\/31\/marta-arce-esta-medalla-me-ha-costado-mas-que-ninguna\/","title":{"rendered":"Marta Arce: \u00abEsta medalla me ha costado m\u00e1s que ninguna\u00bb"},"content":{"rendered":"<p><strong> La judoca vallisoletana, \u00absatisfecha\u00bb por la presea de bronce, pese a que aterriz\u00f3 en Londres con el objetivo de ser campeona paral\u00edmpica<\/strong><\/p>\n<p><strong>\u00abHan sido combates muy igualados, y la cubana ha salido sobremotivada en semifinales y me ha sorprendido\u00bb<\/strong><\/p>\n<p>&nbsp;<\/p>\n<p><img loading=\"lazy\" class=\"aligncenter\" style=\"vertical-align: text-top; margin-left: 5px; margin-right: 5px;\" src=\"\/tierraparalimpica\/wp-content\/uploads\/sites\/17\/2012\/08\/martaarce.jpg\" alt=\"\" width=\"647\" height=\"374\" \/><\/p>\n<p><em>David F. Atienzar | Londres<\/em><\/p>\n<p align=\"justify\"><a href=\"https:\/\/blogs.elnortedecastilla.es\/tierraparalimpica\/2012\/08\/06\/marta-arce-una-apuesta-segura\/\" target=\"_blank\">Marta Arce<\/a> volvi\u00f3 a demostrar que est\u00e1 entre las mejores de su categor\u00eda y <a href=\"https:\/\/blogs.elnortedecastilla.es\/tierraparalimpica\/2012\/08\/31\/un-bronce-con-sabor-a-despedida\/\">consigui\u00f3 la medalla bronce en los Juegos Paral\u00edmpicos de Londres<\/a> en la modalidad de judo de 63 kilogramos. Esta presea es <strong>la tercera consecutiva que logra la vallisoletana en una cita paral\u00edmpica<\/strong>, lo que la convierte en una de las mejores deportistas castellano y leonesas de la historia.<\/p>\n<p align=\"justify\">Sin embargo, esta vez, <strong>el camino hacia el metal fue m\u00e1s duro de lo esperado<\/strong>. La nota predominante en todos los combates de la categor\u00eda fue la igualdad. A pesar de ello, la judoca con deficiencia visual supo mantener la mente fr\u00eda y consigui\u00f3 estar entre las mejores una vez m\u00e1s.<\/p>\n<p align=\"justify\">\u00abAqu\u00ed venimos las ocho mejores, con un margen de diferencia muy peque\u00f1o\u00bb, declar\u00f3 a\u00fan fatigada por el esfuerzo. \u00abHay mucha igualdad y estoy muy contenta porque <strong>esta medalla me ha costado mucho, m\u00e1s que ninguna<\/strong>\u00bb, indic\u00f3 la veterana deportista en relaci\u00f3n a las <strong>dos preseas de plata logradas en los Juegos de Atenas (2004) y en los de Pek\u00edn (2008)<\/strong>.<\/p>\n<p align=\"justify\"><img class=\"alignright\" style=\"vertical-align: text-top; margin: 10px;\" src=\"\/tierraparalimpica\/wp-content\/uploads\/sites\/17\/2012\/08\/martaarce1.jpg\" alt=\"\" width=\"315\" \/>Arce destac\u00f3 que su rival en la lucha por el bronce, la finlandesa Paivi Tolppanen, \u00abquiz\u00e1s ven\u00eda demasiado confiada al ser mejor t\u00e9cnicamente\u00bb. Fue su condena, a juicio de Arce, quien aprovech\u00f3 esta condici\u00f3n para <strong>sorprenderla con el ippon con el que gan\u00f3 el combate<\/strong>. En cambio, \u00aben las semifinales, la cubana ven\u00eda sobremotivada, ya que le hab\u00eda ganado dos veces anteriormente, y eso me pas\u00f3 factura\u00bb, confes\u00f3 la vallisoletana.<\/p>\n<p align=\"justify\">Tras finalizar el combate, Arce salud\u00f3 a su marido y a su hijo, presentes en la grada junto a otros familiares y les dedic\u00f3 el triunfo. Tambi\u00e9n tuvo elogios para su entrenador Ignacio Garrote, \u00absin el cu\u00e1l esto no habr\u00eda sido posible\u00bb, subray\u00f3 ya en el podio.<\/p>\n","protected":false},"excerpt":{"rendered":"<p>La judoca vallisoletana, \u00absatisfecha\u00bb por la presea de bronce, pese a que aterriz\u00f3 en Londres con el objetivo de ser campeona paral\u00edmpica \u00abHan sido combates muy igualados, y la cubana ha salido sobremotivada en semifinales y me ha sorprendido\u00bb &nbsp; David F. Atienzar | Londres Marta Arce volvi\u00f3 a demostrar que est\u00e1 entre las mejores [&hellip;]<\/p>\n","protected":false},"author":27,"featured_media":0,"comment_status":"open","ping_status":"closed","sticky":false,"template":"","format":"standard","meta":[],"categories":[4],"tags":[],"_links":{"self":[{"href":"https:\/\/blogs.elnortedecastilla.es\/tierraparalimpica\/wp-json\/wp\/v2\/posts\/59"}],"collection":[{"href":"https:\/\/blogs.elnortedecastilla.es\/tierraparalimpica\/wp-json\/wp\/v2\/posts"}],"about":[{"href":"https:\/\/blogs.elnortedecastilla.es\/tierraparalimpica\/wp-json\/wp\/v2\/types\/post"}],"author":[{"embeddable":true,"href":"https:\/\/blogs.elnortedecastilla.es\/tierraparalimpica\/wp-json\/wp\/v2\/users\/27"}],"replies":[{"embeddable":true,"href":"https:\/\/blogs.elnortedecastilla.es\/tierraparalimpica\/wp-json\/wp\/v2\/comments?post=59"}],"version-history":[{"count":0,"href":"https:\/\/blogs.elnortedecastilla.es\/tierraparalimpica\/wp-json\/wp\/v2\/posts\/59\/revisions"}],"wp:attachment":[{"href":"https:\/\/blogs.elnortedecastilla.es\/tierraparalimpica\/wp-json\/wp\/v2\/media?parent=59"}],"wp:term":[{"taxonomy":"category","embeddable":true,"href":"https:\/\/blogs.elnortedecastilla.es\/tierraparalimpica\/wp-json\/wp\/v2\/categories?post=59"},{"taxonomy":"post_tag","embeddable":true,"href":"https:\/\/blogs.elnortedecastilla.es\/tierraparalimpica\/wp-json\/wp\/v2\/tags?post=59"}],"curies":[{"name":"wp","href":"https:\/\/api.w.org\/{rel}","templated":true}]}}