{"id":69,"date":"2012-09-03T02:06:16","date_gmt":"2012-09-03T02:06:16","guid":{"rendered":"http:\/\/blogs.elnortedecastilla.es\/tierraparalimpica\/?p=69"},"modified":"2012-09-03T02:06:16","modified_gmt":"2012-09-03T02:06:16","slug":"amaya-alonso-repite-sexto-puesto-en-los-100-metros-mariposa","status":"publish","type":"post","link":"https:\/\/blogs.elnortedecastilla.es\/tierraparalimpica\/2012\/09\/03\/amaya-alonso-repite-sexto-puesto-en-los-100-metros-mariposa\/","title":{"rendered":"Amaya Alonso repite sexto puesto en los 100 metros mariposa"},"content":{"rendered":"<p><strong>La nadadora vallisoletana rebaja en casi dos segundos su marca personal en la piscina londinense<\/strong><\/p>\n<p><strong>\u00abMe veo fuerte, y solo pienso en mejorar y dar un pasito m\u00e1s hacia las medallas\u00bb<\/strong><\/p>\n<p>&nbsp;<\/p>\n<p><img loading=\"lazy\" class=\"aligncenter\" style=\"vertical-align: text-top; margin-left: 5px; margin-right: 5px;\" src=\"\/tierraparalimpica\/wp-content\/uploads\/sites\/17\/2012\/09\/AMAYA.jpg\" alt=\"\" width=\"647\" height=\"374\" \/><\/p>\n<p><em>David F. Atienzar | Londres<\/em><\/p>\n<p align=\"justify\">La <a href=\"https:\/\/blogs.elnortedecastilla.es\/tierraparalimpica\/2012\/07\/24\/la-alumna-aventajada\/\" target=\"_blank\">nadadora vallisoletana Amaya Alonso<\/a> disput\u00f3 este domingo su <a href=\"https:\/\/blogs.elnortedecastilla.es\/tierraparalimpica\/2012\/08\/31\/amaya-alonso-finaliza-sexta-en-la-final-de-400-metros-libres\/\" target=\"_blank\">segunda final de los Juegos Paral\u00edmpicos de Londres<\/a>. Fue en la prueba de los 100 metros mariposa y repiti\u00f3 resultado. <strong>La deportista castellano y leonesa finaliz\u00f3 sexta<\/strong>, a escasas cent\u00e9simas de la venezolana Mota, quien termin\u00f3 quinta en el complejo acu\u00e1tico londinense.<\/p>\n<p align=\"justify\">La final se desarroll\u00f3 con un dominio absoluto de <strong>las dos primeras clasificadas, la polaca Mendak y la rusa Stukalova<\/strong>. Tercera fue la inglesa <strong>Russell<\/strong>, una vez m\u00e1s empujada por un p\u00fablico entregado, que le dio ese plus para subirse al podio.<\/p>\n<p align=\"justify\">Alonso obtuvo un buen resultado, ya que <strong>logr\u00f3 rebajar en casi dos segundos su mejor marca personal<\/strong> y <strong>detuvo el cronometro en 1:13:75<\/strong>. Su entrenador, I\u00f1aki Urra, valor\u00f3 el esfuerzo de Amaya al finalizar la prueba. \u00abHa completado una muy buena serie y si se centra en rebajar sus marcas estar\u00e1 entre las mejores\u00bb, analiz\u00f3 Urra en relaci\u00f3n a las pruebas que le restan a la nadadora de Huerta del Rey.<\/p>\n<p align=\"justify\">La otra espa\u00f1ola en la prueba, Carla Casals, finaliz\u00f3 cuarta, a dos segundos del podio. \u00abHa sido una pena no rascar alguna medalla, pero el bronce estaba muy caro porque la inglesa nadaba en casa\u00bb, coment\u00f3 el entrenador.<\/p>\n<p>Amaya alonso sigue poni\u00e9ndose en forma para <strong>la prueba de 200 estilos que disputar\u00e1 este lunes<\/strong> y en la que tiene grandes expectativas. <strong>\u00abMe veo fuerte, y solo pienso en darlo todo y dar un pasito m\u00e1s hacia las medallas\u00bb<\/strong>, asegur\u00f3 Alonso.<\/p>\n<p>&nbsp;<\/p>\n<p align=\"center\"><iframe loading=\"lazy\" src=\"\/\/www.youtube.com\/embed\/27GX6ehlMdM?feature=player_detailpage\" frameborder=\"0\" width=\"500\" height=\"380\"><\/iframe><\/p>\n","protected":false},"excerpt":{"rendered":"<p>La nadadora vallisoletana rebaja en casi dos segundos su marca personal en la piscina londinense \u00abMe veo fuerte, y solo pienso en mejorar y dar un pasito m\u00e1s hacia las medallas\u00bb &nbsp; David F. Atienzar | Londres La nadadora vallisoletana Amaya Alonso disput\u00f3 este domingo su segunda final de los Juegos Paral\u00edmpicos de Londres. Fue [&hellip;]<\/p>\n","protected":false},"author":27,"featured_media":0,"comment_status":"open","ping_status":"closed","sticky":false,"template":"","format":"standard","meta":[],"categories":[4],"tags":[],"_links":{"self":[{"href":"https:\/\/blogs.elnortedecastilla.es\/tierraparalimpica\/wp-json\/wp\/v2\/posts\/69"}],"collection":[{"href":"https:\/\/blogs.elnortedecastilla.es\/tierraparalimpica\/wp-json\/wp\/v2\/posts"}],"about":[{"href":"https:\/\/blogs.elnortedecastilla.es\/tierraparalimpica\/wp-json\/wp\/v2\/types\/post"}],"author":[{"embeddable":true,"href":"https:\/\/blogs.elnortedecastilla.es\/tierraparalimpica\/wp-json\/wp\/v2\/users\/27"}],"replies":[{"embeddable":true,"href":"https:\/\/blogs.elnortedecastilla.es\/tierraparalimpica\/wp-json\/wp\/v2\/comments?post=69"}],"version-history":[{"count":0,"href":"https:\/\/blogs.elnortedecastilla.es\/tierraparalimpica\/wp-json\/wp\/v2\/posts\/69\/revisions"}],"wp:attachment":[{"href":"https:\/\/blogs.elnortedecastilla.es\/tierraparalimpica\/wp-json\/wp\/v2\/media?parent=69"}],"wp:term":[{"taxonomy":"category","embeddable":true,"href":"https:\/\/blogs.elnortedecastilla.es\/tierraparalimpica\/wp-json\/wp\/v2\/categories?post=69"},{"taxonomy":"post_tag","embeddable":true,"href":"https:\/\/blogs.elnortedecastilla.es\/tierraparalimpica\/wp-json\/wp\/v2\/tags?post=69"}],"curies":[{"name":"wp","href":"https:\/\/api.w.org\/{rel}","templated":true}]}}