{"id":90,"date":"2012-09-07T15:06:51","date_gmt":"2012-09-07T15:06:51","guid":{"rendered":"http:\/\/blogs.elnortedecastilla.es\/tierraparalimpica\/?p=90"},"modified":"2012-09-07T15:06:51","modified_gmt":"2012-09-07T15:06:51","slug":"pesadilla-en-la-recta-final","status":"publish","type":"post","link":"https:\/\/blogs.elnortedecastilla.es\/tierraparalimpica\/2012\/09\/07\/pesadilla-en-la-recta-final\/","title":{"rendered":"Pesadilla en la recta final"},"content":{"rendered":"<p><strong>La nadadora vallisoletana Amaya Alonso, descalificada en los 100 metros espalda, finaliza su participaci\u00f3n en los Juegos<\/strong><\/p>\n<p><strong>Chema Dueso, de boccia, a\u00fan no se explica lo sucedido tras quedarse lejos de la lucha por las medallas<\/strong><\/p>\n<p>&nbsp;<\/p>\n<p><img class=\"aligncenter\" style=\"vertical-align: text-top; margin-left: 5px; margin-right: 5px;\" src=\"\/tierraparalimpica\/wp-content\/uploads\/sites\/17\/2012\/09\/chemadueso.jpg\" alt=\"\" width=\"647\" \/><\/p>\n<p><em>David F. Atienzar | Londres<\/em><\/p>\n<p align=\"justify\">La <a href=\"https:\/\/blogs.elnortedecastilla.es\/tierraparalimpica\/2012\/07\/24\/la-alumna-aventajada\/\" target=\"_blank\">nadadora vallisoletana Amaya Alonso<\/a> fue <strong>descalificada de la prueba de 100 metros espalda<\/strong> por un error en la llegada, lo que supone un gran rev\u00e9s para la de Huerta del Rey, ya que ostentaba posibilidades de subirse al podio en la final de &#8216;su&#8217; prueba.<\/p>\n<p align=\"justify\">La esperanza de medalla se esfum\u00f3 en d\u00e9cimas de segundo. M\u00e1s teniendo en cuenta que el tiempo que hab\u00eda realizado fue de 1:16:02, una marca que le permit\u00eda so\u00f1ar estar con las mejoreas. Amaya se encuentra \u00abdesolada\u00bb y asegura que que \u00aba\u00fan no es consciente\u00bb, pero supone un frenazo en la <a href=\"https:\/\/blogs.elnortedecastilla.es\/tierraparalimpica\/2012\/09\/04\/amaya-alonso-este-resultado-es-como-un-podio-para-mi\/\" target=\"_blank\">notable actuaci\u00f3n que estaba realizando en unos Juegos<\/a> que ya da por concluidos.<\/p>\n<p align=\"justify\">El <a href=\"https:\/\/blogs.elnortedecastilla.es\/tierraparalimpica\/2012\/07\/12\/cuando-la-templanza-es-una-virtud\/\" target=\"_blank\">deportista de boccia Chema Dueso<\/a> <strong>perdi\u00f3 su partido de octavos de final contra el checo Radek Prochazca<\/strong>. Un duro rival con el que qued\u00f3 encuadrado tras perder el partido previo a la competici\u00f3n con el chino Zheng. El valenciano afincado en Le\u00f3n comenz\u00f3 bien el partido y le endos\u00f3 un 3-0 que parec\u00eda enderezar su actuaci\u00f3n en la previa. Sin embargo, cinco bolas puntuables por parte del checo en el tercer parcial dieron al traste con las ilusiones de Dueso. <strong>Al final, el marcador reflejaba un 4-6, que dinamitaba las opciones<\/strong> de un deportista que llegaba a Londres como uno de los favoritos a colgarse una medalla.<\/p>\n<p>Al finalizar el partido, tanto Dueso como su entrenadora Mar\u00eda Rubiera se encontraban abatidos, ya que no esperaban caer tan pronto. \u201cEs algo muy dif\u00edcil de explicar. Sab\u00edamos que era un rival dif\u00edcil, pero perder de esta manera nos ha dejado helados\u201d, explic\u00f3 la leonesa contrariada. \u201cSupongo que con el tiempo asimilaremos el golpe\u201d, finaliz\u00f3 sin querer hacer m\u00e1s declaraciones. Dueso, por su parte,\u00a0afirm\u00f3 que<strong> seguir\u00e1 entren\u00e1ndose en el Centro de Referencia Estatal de la Discapacidad y Dependencia de Le\u00f3n<\/strong> porque \u201cse encuentra muy a gusto y es el mejor lugar para explotar mis capacidades como deportista\u201d.<\/p>\n<p align=\"justify\">Tampoco tuvo m\u00e1s suerte el ciclista afincado en Burgos <a href=\"https:\/\/blogs.elnortedecastilla.es\/tierraparalimpica\/2012\/07\/30\/mucho-mas-que-dos-ruedas\/\" target=\"_blank\">Aitor Oroza<\/a>. Finaliz\u00f3 en <strong>15\u00ba lugar en la prueba ciclismo de 8 kil\u00f3metros<\/strong> en carretera con un tiempo de 20:45:10.<\/p>\n<p align=\"justify\">Igual que Oroza, <a href=\"https:\/\/blogs.elnortedecastilla.es\/tierraparalimpica\/2012\/08\/10\/mi-objetivo-saber-que-lo-he-dado-todo\/\" target=\"_blank\">el nadador salmantino Alejandro S\u00e1nchez<\/a> no pudo meterse en la final de los 200 estilos, dando por finalizada <strong>su participaci\u00f3n con un flojo resultado<\/strong>.<\/p>\n","protected":false},"excerpt":{"rendered":"<p>La nadadora vallisoletana Amaya Alonso, descalificada en los 100 metros espalda, finaliza su participaci\u00f3n en los Juegos Chema Dueso, de boccia, a\u00fan no se explica lo sucedido tras quedarse lejos de la lucha por las medallas &nbsp; David F. Atienzar | Londres La nadadora vallisoletana Amaya Alonso fue descalificada de la prueba de 100 metros [&hellip;]<\/p>\n","protected":false},"author":27,"featured_media":0,"comment_status":"open","ping_status":"closed","sticky":false,"template":"","format":"standard","meta":[],"categories":[4],"tags":[],"_links":{"self":[{"href":"https:\/\/blogs.elnortedecastilla.es\/tierraparalimpica\/wp-json\/wp\/v2\/posts\/90"}],"collection":[{"href":"https:\/\/blogs.elnortedecastilla.es\/tierraparalimpica\/wp-json\/wp\/v2\/posts"}],"about":[{"href":"https:\/\/blogs.elnortedecastilla.es\/tierraparalimpica\/wp-json\/wp\/v2\/types\/post"}],"author":[{"embeddable":true,"href":"https:\/\/blogs.elnortedecastilla.es\/tierraparalimpica\/wp-json\/wp\/v2\/users\/27"}],"replies":[{"embeddable":true,"href":"https:\/\/blogs.elnortedecastilla.es\/tierraparalimpica\/wp-json\/wp\/v2\/comments?post=90"}],"version-history":[{"count":0,"href":"https:\/\/blogs.elnortedecastilla.es\/tierraparalimpica\/wp-json\/wp\/v2\/posts\/90\/revisions"}],"wp:attachment":[{"href":"https:\/\/blogs.elnortedecastilla.es\/tierraparalimpica\/wp-json\/wp\/v2\/media?parent=90"}],"wp:term":[{"taxonomy":"category","embeddable":true,"href":"https:\/\/blogs.elnortedecastilla.es\/tierraparalimpica\/wp-json\/wp\/v2\/categories?post=90"},{"taxonomy":"post_tag","embeddable":true,"href":"https:\/\/blogs.elnortedecastilla.es\/tierraparalimpica\/wp-json\/wp\/v2\/tags?post=90"}],"curies":[{"name":"wp","href":"https:\/\/api.w.org\/{rel}","templated":true}]}}