{"id":94,"date":"2012-09-07T21:53:31","date_gmt":"2012-09-07T21:53:31","guid":{"rendered":"http:\/\/blogs.elnortedecastilla.es\/tierraparalimpica\/?p=94"},"modified":"2012-09-07T21:53:31","modified_gmt":"2012-09-07T21:53:31","slug":"espana-luchara-por-la-quinta-plaza-frente-a-alemania","status":"publish","type":"post","link":"https:\/\/blogs.elnortedecastilla.es\/tierraparalimpica\/2012\/09\/07\/espana-luchara-por-la-quinta-plaza-frente-a-alemania\/","title":{"rendered":"Espa\u00f1a luchar\u00e1 por la quinta plaza frente a Alemania"},"content":{"rendered":"<p><strong>La selecci\u00f3n espa\u00f1ola de baloncesto en silla de ruedas vence a Turqu\u00eda (86-78), y luchar\u00e1 por el quinto puesto ante Alemania, la actual subcampeona de Europa<\/strong><\/p>\n<p>&nbsp;<\/p>\n<p><img class=\"aligncenter\" style=\"vertical-align: text-top; margin-left: 5px; margin-right: 5px;\" src=\"\/tierraparalimpica\/wp-content\/uploads\/sites\/17\/2012\/09\/danirodriguez1.jpg\" alt=\"\" width=\"647\" \/><\/p>\n<p><em>David F. Atienzar | Londres<\/em><\/p>\n<p align=\"justify\">La selecci\u00f3n espa\u00f1ola de baloncesto en silla de ruedas disputar\u00e1 este s\u00e1bado el partido por el quinto puesto contra Alemania a partir de las 15:00 horas en el North Greenwich Arena de Londres. En un duro partido, se volvi\u00f3 a deshacer de Turqu\u00eda (86-78), esta vez con necesidad de una pr\u00f3rroga.<\/p>\n<p align=\"justify\"><strong>El partido estuvo igualado de principio a fin<\/strong> y los espa\u00f1oles quisieron evitar un mal comienzo como en los \u00faltimos encuentros. El marcador lo inaugur\u00f3 precisamente el vallisoletano Daniel Rodr\u00edguez, con una clara intenci\u00f3n de ir a por el choe desde el primer minuto. Pese a ello, los turcos llegaron a ponerse por delante y la diferencia al final del primer cuarto fue de tres puntos a favor de los otomanos.<\/p>\n<p align=\"justify\">El segundo periodo comenz\u00f3 con el jugador del Grupo Norte, Diego de Paz, tirando de galones. Con diez minutos realmente fant\u00e1sticos, el andaluz llev\u00f3 al equipo espa\u00f1ol hasta los ocho puntos a favor. <strong>Al descanso, la diferencia disminuy\u00f3 hasta reflejar un 40\u201337 a favor de los espa\u00f1oles. <\/strong><\/p>\n<p align=\"justify\">Tras el descanso, los turcos decidieron salir a por el partido. Lograron empatarlo e, incluso, ponerse por delante en alg\u00fan momento. Esa ser\u00eda la t\u00f3nica del choque hasta el final, con <strong>un \u00faltimo minuto de infarto.<\/strong> Con el marcador empatado y a falta de diez segundos, Espa\u00f1a cedi\u00f3 la posesi\u00f3n en un error infantil y el tiro de los turcos sobre la bocina se sali\u00f3 pr\u00e1cticamente del aro cuando todos cantaban una victoria de Turqu\u00eda. La pr\u00f3rroga fue otra historia. El equipo espa\u00f1ol sali\u00f3 arrollando a su rival y <strong>acab\u00f3 ganando el encuentro por 86 \u2013 78.<\/strong><\/p>\n<p>&nbsp;<\/p>\n<p><span style=\"font-size: medium;\"><strong>\u00abQueremos el quinto puesto\u00bb<\/strong><\/span><\/p>\n<p align=\"justify\">Equipo. Esta fue la palabra m\u00e1s repetida por jugadores y cuerpo t\u00e9cnico en las declaraciones postpartido. Cuando de valorar algo se trata, el equipo espa\u00f1ol tiene claro que el grupo est\u00e1 por encima de las individualidades.<\/p>\n<p align=\"justify\">El vallisoletano <strong>Daniel Rodr\u00edguez declar\u00f3 que \u00abvan a por el quinto puesto<\/strong>, porque ser\u00eda la guinda del pastel\u00bb. Respecto al partido contra Turqu\u00eda, volvi\u00f3 a destacar la dureza del rival y valor\u00f3 muy positivamente el d\u00eda de descanso del que hab\u00edan disfrutado, ya que les hab\u00eda servido para \u00abaclarar conceptos y afrontar el partido con mayor frecura\u00bb.<\/p>\n<p align=\"justify\">El seleccionador,<strong> Oscar Trigo<\/strong>, volvi\u00f3 a mostrar su satisfacci\u00f3n con el equipo y destac\u00f3 el compromiso de los jugadores dentro y fuera de la cancha. \u00abEstos chicos han hecho muchos sacrificios a nivel personal y merecen estar aqu\u00ed\u00bb, afirm\u00f3 Trigo. <strong>\u00abEl partido de este s\u00e1bado contra Alemania es una final para nosotros<\/strong>, ya que refrenda nuestra posici\u00f3n en Europa\u00bb, concluy\u00f3. La final se disputar\u00e1 tambi\u00e9n este s\u00e1bado entre Australia y Canad\u00e1, mientras que Estados unidos y Gran Breta\u00f1a luchar\u00e1n por el bronce.<\/p>\n","protected":false},"excerpt":{"rendered":"<p>La selecci\u00f3n espa\u00f1ola de baloncesto en silla de ruedas vence a Turqu\u00eda (86-78), y luchar\u00e1 por el quinto puesto ante Alemania, la actual subcampeona de Europa &nbsp; David F. Atienzar | Londres La selecci\u00f3n espa\u00f1ola de baloncesto en silla de ruedas disputar\u00e1 este s\u00e1bado el partido por el quinto puesto contra Alemania a partir de [&hellip;]<\/p>\n","protected":false},"author":27,"featured_media":0,"comment_status":"open","ping_status":"closed","sticky":false,"template":"","format":"standard","meta":[],"categories":[4],"tags":[],"_links":{"self":[{"href":"https:\/\/blogs.elnortedecastilla.es\/tierraparalimpica\/wp-json\/wp\/v2\/posts\/94"}],"collection":[{"href":"https:\/\/blogs.elnortedecastilla.es\/tierraparalimpica\/wp-json\/wp\/v2\/posts"}],"about":[{"href":"https:\/\/blogs.elnortedecastilla.es\/tierraparalimpica\/wp-json\/wp\/v2\/types\/post"}],"author":[{"embeddable":true,"href":"https:\/\/blogs.elnortedecastilla.es\/tierraparalimpica\/wp-json\/wp\/v2\/users\/27"}],"replies":[{"embeddable":true,"href":"https:\/\/blogs.elnortedecastilla.es\/tierraparalimpica\/wp-json\/wp\/v2\/comments?post=94"}],"version-history":[{"count":0,"href":"https:\/\/blogs.elnortedecastilla.es\/tierraparalimpica\/wp-json\/wp\/v2\/posts\/94\/revisions"}],"wp:attachment":[{"href":"https:\/\/blogs.elnortedecastilla.es\/tierraparalimpica\/wp-json\/wp\/v2\/media?parent=94"}],"wp:term":[{"taxonomy":"category","embeddable":true,"href":"https:\/\/blogs.elnortedecastilla.es\/tierraparalimpica\/wp-json\/wp\/v2\/categories?post=94"},{"taxonomy":"post_tag","embeddable":true,"href":"https:\/\/blogs.elnortedecastilla.es\/tierraparalimpica\/wp-json\/wp\/v2\/tags?post=94"}],"curies":[{"name":"wp","href":"https:\/\/api.w.org\/{rel}","templated":true}]}}