{"id":97,"date":"2012-09-08T10:10:30","date_gmt":"2012-09-08T10:10:30","guid":{"rendered":"http:\/\/blogs.elnortedecastilla.es\/tierraparalimpica\/?p=97"},"modified":"2012-09-08T10:10:30","modified_gmt":"2012-09-08T10:10:30","slug":"diego-de-paz-despues-de-londres-se-acabo-la-seleccion","status":"publish","type":"post","link":"https:\/\/blogs.elnortedecastilla.es\/tierraparalimpica\/2012\/09\/08\/diego-de-paz-despues-de-londres-se-acabo-la-seleccion\/","title":{"rendered":"Diego de Paz: \u00abDespu\u00e9s de Londres, se acab\u00f3 la selecci\u00f3n\u00bb"},"content":{"rendered":"<p><strong>El jugador del Grupo Norte Valladolid y m\u00e1ximo estandarte del combinado nacional de baloncesto en silla de ruedas anuncia su retirada del circuito internacional<\/strong><\/p>\n<p><strong>El veterano p\u00edvot sevillano es un superviviente de los Juegos de Barcelona, en 1992<\/strong><\/p>\n<p>&nbsp;<\/p>\n<p><img class=\"aligncenter\" style=\"vertical-align: text-top; margin-left: 5px; margin-right: 5px;\" src=\"\/tierraparalimpica\/wp-content\/uploads\/sites\/17\/2012\/09\/diego-de-paz.jpg\" alt=\"\" width=\"647\" \/><\/p>\n<p><em>David F. Atienzar | Londres<\/em><\/p>\n<p align=\"justify\"><strong>Diego de Paz<\/strong> (25 de junio de 1971, Valencina de la Concepci\u00f3n, Sevilla) anunci\u00f3 este viernes su adi\u00f3s a la selecci\u00f3n nacional de baloncesto en silla de ruedas. <strong>\u00abDespu\u00e9s de Londres, se acab\u00f3 la selecci\u00f3n\u00bb<\/strong>, se\u00f1al\u00f3 el veterano p\u00edvot del <a href=\"http:\/\/www.bsrvalladolid.com\/\" rel=\"external nofollow\">Fundaci\u00f3n Grupo Norte Valladolid<\/a>.<\/p>\n<p align=\"justify\">De Paz, uno de los jugadores destacados en los Juegos de Londres, es un <strong>superviviente de la cita paral\u00edmpica de Barcelona 92<\/strong>. Su experiencia ha sido decisiva en el camino del equipo espa\u00f1ol hasta el tercer puesto continental o a la <strong>lucha por el quinto puesto en Londres ante Alemania<\/strong> (este s\u00e1bado, a las 15:00 horas).<\/p>\n<p align=\"justify\"><strong>Debut\u00f3 con 18 a\u00f1os, en julio de 1988<\/strong>, con la selecci\u00f3n espa\u00f1ola en los juegos mundiales para j\u00f3venes de Stoke Mandeville (Inglaterra). Posteriormente, ha participado en los Campeonatos del Mundo de Edmonton (Canad\u00e1, 1994) y Sidney (Australia, 1998)); en los campeonatos de Europa de Charleville Mezieres (Francia, 1989), Ferrol (Espa\u00f1a, 1991), Berl\u00edn (Alemania, 1993), Madrid (Espa\u00f1a, 1997), Roermond (Holanda, 1999), Amsterdam (Holanda, 2001), Cerde\u00f1a (Italia, 2003), Wetzlar (Alemania, 2007) y Nazaret (Israel, 2011).<\/p>\n<p align=\"justify\">Su liderazgo tambi\u00e9n ha esta presente en las \u00faltimas participaciones de Espa\u00f1a en los <strong>Juegos Paral\u00edmpicos de Barcelona (1992), Atlanta (1996) y Londres (2012)<\/strong>.<\/p>\n<p align=\"justify\">Como mejores resultados con la selecci\u00f3n caben destacar la <strong>medalla de plata lograda en el Europeo de Paris en 1995<\/strong>, donde tambi\u00e9n fue elegido mejor jugador del torneo; la medalla de <strong>bronce lograda en el Europeo de Nazaret, en 2011<\/strong>; y el diploma ol\u00edmpico logrado al finalizar cuarto clasificado en los Juegos de Atlanta. Antes de la presente cita paral\u00edmpica, hab\u00eda sido <strong>internacional en 156 ocasiones<\/strong>.<\/p>\n","protected":false},"excerpt":{"rendered":"<p>El jugador del Grupo Norte Valladolid y m\u00e1ximo estandarte del combinado nacional de baloncesto en silla de ruedas anuncia su retirada del circuito internacional El veterano p\u00edvot sevillano es un superviviente de los Juegos de Barcelona, en 1992 &nbsp; David F. Atienzar | Londres Diego de Paz (25 de junio de 1971, Valencina de la [&hellip;]<\/p>\n","protected":false},"author":27,"featured_media":0,"comment_status":"open","ping_status":"closed","sticky":false,"template":"","format":"standard","meta":[],"categories":[4],"tags":[],"_links":{"self":[{"href":"https:\/\/blogs.elnortedecastilla.es\/tierraparalimpica\/wp-json\/wp\/v2\/posts\/97"}],"collection":[{"href":"https:\/\/blogs.elnortedecastilla.es\/tierraparalimpica\/wp-json\/wp\/v2\/posts"}],"about":[{"href":"https:\/\/blogs.elnortedecastilla.es\/tierraparalimpica\/wp-json\/wp\/v2\/types\/post"}],"author":[{"embeddable":true,"href":"https:\/\/blogs.elnortedecastilla.es\/tierraparalimpica\/wp-json\/wp\/v2\/users\/27"}],"replies":[{"embeddable":true,"href":"https:\/\/blogs.elnortedecastilla.es\/tierraparalimpica\/wp-json\/wp\/v2\/comments?post=97"}],"version-history":[{"count":0,"href":"https:\/\/blogs.elnortedecastilla.es\/tierraparalimpica\/wp-json\/wp\/v2\/posts\/97\/revisions"}],"wp:attachment":[{"href":"https:\/\/blogs.elnortedecastilla.es\/tierraparalimpica\/wp-json\/wp\/v2\/media?parent=97"}],"wp:term":[{"taxonomy":"category","embeddable":true,"href":"https:\/\/blogs.elnortedecastilla.es\/tierraparalimpica\/wp-json\/wp\/v2\/categories?post=97"},{"taxonomy":"post_tag","embeddable":true,"href":"https:\/\/blogs.elnortedecastilla.es\/tierraparalimpica\/wp-json\/wp\/v2\/tags?post=97"}],"curies":[{"name":"wp","href":"https:\/\/api.w.org\/{rel}","templated":true}]}}