{"id":261,"date":"2015-09-24T09:55:49","date_gmt":"2015-09-24T08:55:49","guid":{"rendered":"http:\/\/blogs.elnortedecastilla.es\/tuopinas\/?p=261"},"modified":"2015-09-24T09:55:49","modified_gmt":"2015-09-24T08:55:49","slug":"cuanto-cree-que-deben-durar-las-fiestas-de-medina-del-campo","status":"publish","type":"post","link":"https:\/\/blogs.elnortedecastilla.es\/tuopinas\/2015\/09\/24\/cuanto-cree-que-deben-durar-las-fiestas-de-medina-del-campo\/","title":{"rendered":"\u00bfCu\u00e1nto cree que deben durar las fiestas de Medina del Campo?"},"content":{"rendered":"<p>El Ayuntamiento de la localidad de Medina del Campo sacar\u00e1 las urnas a la calle para que los vecinos de la localidad decidan, a trav\u00e9s de su voto, la duraci\u00f3n de las fiestas patronales de San Antol\u00edn. Esta propuesta, consensuada durante la pasada legislatura por todos los miembros de la Comisi\u00f3n de Festejos, es una de las medidas que se llevar\u00e1n a cabo para intentar cambiar de manera radical el formato de San Antol\u00edn.<\/p>\n<p>Al parecer, los medinenses que acudan a votar podr\u00e1n elegir entre dos papeletas. En una de ellas se mantendr\u00e1 la semana de fiestas del 1 al 8 de septiembre, y en la otra se propondr\u00e1n el cambio a cinco d\u00edas, por lo que se desarrollar\u00edan del uno al cinco de dicho mes.<\/p>\n<p>Queremos conocer tu opini\u00f3n: \u00bfPrefieres mantener las fiestas de 1 al 8 de septiembre o que finalicen el d\u00eda 5?, \u00bfest\u00e1n de acuerdo con la consulta? \u00a1Participa!<\/p>\n<p><a href=\"\/tuopinas\/wp-content\/uploads\/sites\/9\/2015\/09\/medina.jpg\"><img loading=\"lazy\" class=\"aligncenter size-large wp-image-262\" title=\"DOCU_NORTECASTILLA\" src=\"\/tuopinas\/wp-content\/uploads\/sites\/9\/2015\/09\/medina.jpg\" alt=\"\" width=\"1024\" height=\"636\" srcset=\"https:\/\/static-blogs.elnortedecastilla.es\/wp-content\/uploads\/sites\/9\/2015\/09\/medina.jpg 1448w, https:\/\/static-blogs.elnortedecastilla.es\/wp-content\/uploads\/sites\/9\/2015\/09\/medina-300x186.jpg 300w, https:\/\/static-blogs.elnortedecastilla.es\/wp-content\/uploads\/sites\/9\/2015\/09\/medina-768x477.jpg 768w, https:\/\/static-blogs.elnortedecastilla.es\/wp-content\/uploads\/sites\/9\/2015\/09\/medina-1024x636.jpg 1024w\" sizes=\"(max-width: 1024px) 100vw, 1024px\" \/><\/a><\/p>\n<p>&nbsp;<\/p>\n","protected":false},"excerpt":{"rendered":"<p>El Ayuntamiento de la localidad de Medina del Campo sacar\u00e1 las urnas a la calle para que los vecinos de la localidad decidan, a trav\u00e9s de su voto, la duraci\u00f3n de las fiestas patronales de San Antol\u00edn. Esta propuesta, consensuada durante la pasada legislatura por todos los miembros de la Comisi\u00f3n de Festejos, es una [&hellip;]<\/p>\n","protected":false},"author":11,"featured_media":0,"comment_status":"open","ping_status":"open","sticky":false,"template":"","format":"standard","meta":[],"categories":[5],"tags":[32,51,69],"_links":{"self":[{"href":"https:\/\/blogs.elnortedecastilla.es\/tuopinas\/wp-json\/wp\/v2\/posts\/261"}],"collection":[{"href":"https:\/\/blogs.elnortedecastilla.es\/tuopinas\/wp-json\/wp\/v2\/posts"}],"about":[{"href":"https:\/\/blogs.elnortedecastilla.es\/tuopinas\/wp-json\/wp\/v2\/types\/post"}],"author":[{"embeddable":true,"href":"https:\/\/blogs.elnortedecastilla.es\/tuopinas\/wp-json\/wp\/v2\/users\/11"}],"replies":[{"embeddable":true,"href":"https:\/\/blogs.elnortedecastilla.es\/tuopinas\/wp-json\/wp\/v2\/comments?post=261"}],"version-history":[{"count":0,"href":"https:\/\/blogs.elnortedecastilla.es\/tuopinas\/wp-json\/wp\/v2\/posts\/261\/revisions"}],"wp:attachment":[{"href":"https:\/\/blogs.elnortedecastilla.es\/tuopinas\/wp-json\/wp\/v2\/media?parent=261"}],"wp:term":[{"taxonomy":"category","embeddable":true,"href":"https:\/\/blogs.elnortedecastilla.es\/tuopinas\/wp-json\/wp\/v2\/categories?post=261"},{"taxonomy":"post_tag","embeddable":true,"href":"https:\/\/blogs.elnortedecastilla.es\/tuopinas\/wp-json\/wp\/v2\/tags?post=261"}],"curies":[{"name":"wp","href":"https:\/\/api.w.org\/{rel}","templated":true}]}}