{"id":267,"date":"2015-10-07T17:15:37","date_gmt":"2015-10-07T16:15:37","guid":{"rendered":"http:\/\/blogs.elnortedecastilla.es\/tuopinas\/?p=267"},"modified":"2015-10-07T17:15:37","modified_gmt":"2015-10-07T16:15:37","slug":"conoces-un-arbol-especial-mandanos-la-foto","status":"publish","type":"post","link":"https:\/\/blogs.elnortedecastilla.es\/tuopinas\/2015\/10\/07\/conoces-un-arbol-especial-mandanos-la-foto\/","title":{"rendered":"\u00bfConoces un \u00e1rbol especial? \u00a1M\u00e1ndanos la foto!"},"content":{"rendered":"<p>&nbsp;<\/p>\n<p><a href=\"\/tuopinas\/wp-content\/uploads\/sites\/9\/2015\/10\/Pino1.jpg\"><img loading=\"lazy\" class=\"aligncenter size-large wp-image-269\" title=\"DOCU_NORTECASTILLA A1-47050381.jpg\" src=\"\/tuopinas\/wp-content\/uploads\/sites\/9\/2015\/10\/Pino1.jpg\" alt=\"\" width=\"1024\" height=\"575\" srcset=\"https:\/\/static-blogs.elnortedecastilla.es\/wp-content\/uploads\/sites\/9\/2015\/10\/Pino1.jpg 1601w, https:\/\/static-blogs.elnortedecastilla.es\/wp-content\/uploads\/sites\/9\/2015\/10\/Pino1-300x169.jpg 300w, https:\/\/static-blogs.elnortedecastilla.es\/wp-content\/uploads\/sites\/9\/2015\/10\/Pino1-768x432.jpg 768w, https:\/\/static-blogs.elnortedecastilla.es\/wp-content\/uploads\/sites\/9\/2015\/10\/Pino1-1024x576.jpg 1024w\" sizes=\"(max-width: 1024px) 100vw, 1024px\" \/><\/a><\/p>\n<p>El viento tronch\u00f3 el lunes el pino m\u00e1s longevo del pinar de Antequera, un \u00e1rbol de 18 metros y tres siglos de antig\u00fcedad. Las fuertes rachas de viento, que alcanzaron los 59 kil\u00f3metros por hora, doblaron el \u00e1rbol, que cay\u00f3 sobre la tapia del cuartel Teniente Galiana. El punto de fractura del tronco permite ahora observar que su interior estaba pr\u00e1cticamente hueco y poblado por colmenas de abejas. \u00abEst\u00e1 claro que iba cediendo poco a poco hacia la tapia del cuartel y que no estaba sano\u00bb, relatan los agentes que patrullan habitualmente por este paraje.<\/p>\n<p>En la zona, este pino era considerado como un elemento gu\u00eda del paisaje. \u00abGozaba de protecci\u00f3n, aunque no estaba catalogado como tal al encontrarse en un entorno protegido como es el Pinar de Antequera\u00bb, aclaran fuentes municipales.<\/p>\n<p>\u00bfConoces m\u00e1s \u00e1rboles centenarios en la provincia de Valladolid?, \u00bfqu\u00e9 otros pinos que conozcas se pueden encontrar en la misma situaci\u00f3n? M\u00e1ndanos tu foto (actual o antigua) y la publicaremos en una galer\u00eda de fotos, tanto en la web como en la edici\u00f3n de papel de El Norte de Castilla.<\/p>\n<p>Puedes enviarnos las fotos a valladolid.nc@elnortedecastilla.es o compartirlas en nuestro Twitter y Facebook.<\/p>\n","protected":false},"excerpt":{"rendered":"<p>&nbsp; El viento tronch\u00f3 el lunes el pino m\u00e1s longevo del pinar de Antequera, un \u00e1rbol de 18 metros y tres siglos de antig\u00fcedad. Las fuertes rachas de viento, que alcanzaron los 59 kil\u00f3metros por hora, doblaron el \u00e1rbol, que cay\u00f3 sobre la tapia del cuartel Teniente Galiana. El punto de fractura del tronco permite [&hellip;]<\/p>\n","protected":false},"author":11,"featured_media":0,"comment_status":"open","ping_status":"open","sticky":false,"template":"","format":"standard","meta":[],"categories":[5],"tags":[],"_links":{"self":[{"href":"https:\/\/blogs.elnortedecastilla.es\/tuopinas\/wp-json\/wp\/v2\/posts\/267"}],"collection":[{"href":"https:\/\/blogs.elnortedecastilla.es\/tuopinas\/wp-json\/wp\/v2\/posts"}],"about":[{"href":"https:\/\/blogs.elnortedecastilla.es\/tuopinas\/wp-json\/wp\/v2\/types\/post"}],"author":[{"embeddable":true,"href":"https:\/\/blogs.elnortedecastilla.es\/tuopinas\/wp-json\/wp\/v2\/users\/11"}],"replies":[{"embeddable":true,"href":"https:\/\/blogs.elnortedecastilla.es\/tuopinas\/wp-json\/wp\/v2\/comments?post=267"}],"version-history":[{"count":0,"href":"https:\/\/blogs.elnortedecastilla.es\/tuopinas\/wp-json\/wp\/v2\/posts\/267\/revisions"}],"wp:attachment":[{"href":"https:\/\/blogs.elnortedecastilla.es\/tuopinas\/wp-json\/wp\/v2\/media?parent=267"}],"wp:term":[{"taxonomy":"category","embeddable":true,"href":"https:\/\/blogs.elnortedecastilla.es\/tuopinas\/wp-json\/wp\/v2\/categories?post=267"},{"taxonomy":"post_tag","embeddable":true,"href":"https:\/\/blogs.elnortedecastilla.es\/tuopinas\/wp-json\/wp\/v2\/tags?post=267"}],"curies":[{"name":"wp","href":"https:\/\/api.w.org\/{rel}","templated":true}]}}