{"id":284,"date":"2015-11-05T18:40:16","date_gmt":"2015-11-05T17:40:16","guid":{"rendered":"http:\/\/blogs.elnortedecastilla.es\/tuopinas\/?p=284"},"modified":"2015-11-05T18:40:16","modified_gmt":"2015-11-05T17:40:16","slug":"en-que-parking-subterraneo-de-valladolid-se-aparca-peor","status":"publish","type":"post","link":"https:\/\/blogs.elnortedecastilla.es\/tuopinas\/2015\/11\/05\/en-que-parking-subterraneo-de-valladolid-se-aparca-peor\/","title":{"rendered":"\u00bfEn qu\u00e9 parking subterr\u00e1neo de Valladolid se aparca peor?"},"content":{"rendered":"<p>El aparcamiento de El Corte Ingl\u00e9s del Paseo de Zorrilla agrandar\u00e1 las plazas del parking subterr\u00e1neo del Paseo de Zorrilla. Gracias a estas obras, el aparcamiento del centro comercial -que perder\u00e1 90 plazas- dejar\u00e1 de ser uno de los m\u00e1s estrechos y complicados de la ciudad.<\/p>\n<p>En El Norte de Castilla queremos conocer tu experiencia en este aparcamiento, \u00bfqu\u00e9 te parecen estas obras?, \u00bfconsideras que el parking de El Corte Ingl\u00e9s es uno de los m\u00e1s complicados de la ciudad?, \u00bfcu\u00e1les son, a tu juicio, los parkings d\u00f3nde peor se aparca de Valladolid?, \u00bfhay alg\u00fan subterr\u00e1neo en el que no quieras aparcar ni aunque fuera gratis?<\/p>\n<p>Queremos conocer tu opini\u00f3n. Puedes participar cont\u00e1ndonos tu experiencia en los comentarios de este post, mand\u00e1ndonos un email a fotografia.nc@elnortedecastilla.es o en nuestros perfiles de redes sociales con la etiqueta #yoaquinoaparco y la menci\u00f3n\u00a0 @nortecastilla<\/p>\n<p>&nbsp;<\/p>\n<p>&nbsp;<\/p>\n<p><a href=\"\/tuopinas\/wp-content\/uploads\/sites\/9\/2015\/11\/GF0JKVD11.jpg\"><img loading=\"lazy\" class=\"aligncenter size-medium wp-image-285\" title=\"DOCU_GRUPO\" src=\"\/tuopinas\/wp-content\/uploads\/sites\/9\/2015\/11\/GF0JKVD11.jpg\" alt=\"\" width=\"225\" height=\"300\" srcset=\"https:\/\/static-blogs.elnortedecastilla.es\/wp-content\/uploads\/sites\/9\/2015\/11\/GF0JKVD11.jpg 2304w, https:\/\/static-blogs.elnortedecastilla.es\/wp-content\/uploads\/sites\/9\/2015\/11\/GF0JKVD11-225x300.jpg 225w, https:\/\/static-blogs.elnortedecastilla.es\/wp-content\/uploads\/sites\/9\/2015\/11\/GF0JKVD11-768x1024.jpg 768w\" sizes=\"(max-width: 225px) 100vw, 225px\" \/><\/a><\/p>\n","protected":false},"excerpt":{"rendered":"<p>El aparcamiento de El Corte Ingl\u00e9s del Paseo de Zorrilla agrandar\u00e1 las plazas del parking subterr\u00e1neo del Paseo de Zorrilla. Gracias a estas obras, el aparcamiento del centro comercial -que perder\u00e1 90 plazas- dejar\u00e1 de ser uno de los m\u00e1s estrechos y complicados de la ciudad. En El Norte de Castilla queremos conocer tu experiencia [&hellip;]<\/p>\n","protected":false},"author":11,"featured_media":0,"comment_status":"open","ping_status":"open","sticky":false,"template":"","format":"standard","meta":[],"categories":[5],"tags":[],"_links":{"self":[{"href":"https:\/\/blogs.elnortedecastilla.es\/tuopinas\/wp-json\/wp\/v2\/posts\/284"}],"collection":[{"href":"https:\/\/blogs.elnortedecastilla.es\/tuopinas\/wp-json\/wp\/v2\/posts"}],"about":[{"href":"https:\/\/blogs.elnortedecastilla.es\/tuopinas\/wp-json\/wp\/v2\/types\/post"}],"author":[{"embeddable":true,"href":"https:\/\/blogs.elnortedecastilla.es\/tuopinas\/wp-json\/wp\/v2\/users\/11"}],"replies":[{"embeddable":true,"href":"https:\/\/blogs.elnortedecastilla.es\/tuopinas\/wp-json\/wp\/v2\/comments?post=284"}],"version-history":[{"count":0,"href":"https:\/\/blogs.elnortedecastilla.es\/tuopinas\/wp-json\/wp\/v2\/posts\/284\/revisions"}],"wp:attachment":[{"href":"https:\/\/blogs.elnortedecastilla.es\/tuopinas\/wp-json\/wp\/v2\/media?parent=284"}],"wp:term":[{"taxonomy":"category","embeddable":true,"href":"https:\/\/blogs.elnortedecastilla.es\/tuopinas\/wp-json\/wp\/v2\/categories?post=284"},{"taxonomy":"post_tag","embeddable":true,"href":"https:\/\/blogs.elnortedecastilla.es\/tuopinas\/wp-json\/wp\/v2\/tags?post=284"}],"curies":[{"name":"wp","href":"https:\/\/api.w.org\/{rel}","templated":true}]}}