{"id":287,"date":"2015-11-08T22:12:39","date_gmt":"2015-11-08T21:12:39","guid":{"rendered":"http:\/\/blogs.elnortedecastilla.es\/tuopinas\/?p=287"},"modified":"2015-11-08T22:12:39","modified_gmt":"2015-11-08T21:12:39","slug":"que-pueblo-tiene-las-mejores-vistas-de-castilla-y-leon","status":"publish","type":"post","link":"https:\/\/blogs.elnortedecastilla.es\/tuopinas\/2015\/11\/08\/que-pueblo-tiene-las-mejores-vistas-de-castilla-y-leon\/","title":{"rendered":"\u00bfQu\u00e9 pueblo tiene las mejores vistas de Castilla y Le\u00f3n?"},"content":{"rendered":"<div id=\"attachment_288\" style=\"width: 1362px\" class=\"wp-caption aligncenter\"><a href=\"\/tuopinas\/wp-content\/uploads\/sites\/9\/2015\/11\/NF0CWF81.jpg\"><img aria-describedby=\"caption-attachment-288\" loading=\"lazy\" class=\"size-full wp-image-288\" title=\"Ermita de la Anunciada, con Urue\u00f1a al fondo\" src=\"\/tuopinas\/wp-content\/uploads\/sites\/9\/2015\/11\/NF0CWF81.jpg\" alt=\"Ermita de la Anunciada, con Urue\u00f1a al fondo\" width=\"1352\" height=\"900\" srcset=\"https:\/\/static-blogs.elnortedecastilla.es\/wp-content\/uploads\/sites\/9\/2015\/11\/NF0CWF81.jpg 1352w, https:\/\/static-blogs.elnortedecastilla.es\/wp-content\/uploads\/sites\/9\/2015\/11\/NF0CWF81-300x200.jpg 300w, https:\/\/static-blogs.elnortedecastilla.es\/wp-content\/uploads\/sites\/9\/2015\/11\/NF0CWF81-768x511.jpg 768w, https:\/\/static-blogs.elnortedecastilla.es\/wp-content\/uploads\/sites\/9\/2015\/11\/NF0CWF81-1024x682.jpg 1024w\" sizes=\"(max-width: 1352px) 100vw, 1352px\" \/><\/a><p id=\"caption-attachment-288\" class=\"wp-caption-text\">Ermita de la Anunciada, con Urue\u00f1a al fondo<\/p><\/div>\n<p>\u00bfCu\u00e1l es a tu juicio el pueblo de Castilla y Le\u00f3n que tiene las mejores vistas, tanto de sus calles y sus plazas como de sus paisajes?<\/p>\n<p>La comunidad est\u00e1 repleta de lugares de una incuestionable belleza gracias a su amplia extensi\u00f3n, cosida de r\u00edos y monta\u00f1as y de parajes que cortan la respiraci\u00f3n.<\/p>\n<p>Para ahondar en esta riqueza paisaj\u00edstica buscamos que nuestros lectores nos env\u00eden sus fotograf\u00edas con las mejores vistas de las comarcas castellanas y leonesas. Para ello, las pueden compartir con nososotros en nuestro perfiles en redes sociales (<a href=\"http:\/\/twitter.com\/nortecastilla\" target=\"_blank\" rel=\"external nofollow\">Twitter<\/a> y <a href=\"www.facebook.com\/nortecastilla\" target=\"_blank\">Facebook<\/a>), en esta entrada en el Blog T\u00fa Opinas o envi\u00e1ndolas a fotografia.nc@elnortedecastilla.es.<\/p>\n<p>No lo dudes y participa. Seguro que t\u00fa tambi\u00e9n tienes tu vista preferida.<\/p>\n","protected":false},"excerpt":{"rendered":"<p>\u00bfCu\u00e1l es a tu juicio el pueblo de Castilla y Le\u00f3n que tiene las mejores vistas, tanto de sus calles y sus plazas como de sus paisajes? La comunidad est\u00e1 repleta de lugares de una incuestionable belleza gracias a su amplia extensi\u00f3n, cosida de r\u00edos y monta\u00f1as y de parajes que cortan la respiraci\u00f3n. Para [&hellip;]<\/p>\n","protected":false},"author":11,"featured_media":0,"comment_status":"open","ping_status":"open","sticky":false,"template":"","format":"standard","meta":[],"categories":[6],"tags":[],"_links":{"self":[{"href":"https:\/\/blogs.elnortedecastilla.es\/tuopinas\/wp-json\/wp\/v2\/posts\/287"}],"collection":[{"href":"https:\/\/blogs.elnortedecastilla.es\/tuopinas\/wp-json\/wp\/v2\/posts"}],"about":[{"href":"https:\/\/blogs.elnortedecastilla.es\/tuopinas\/wp-json\/wp\/v2\/types\/post"}],"author":[{"embeddable":true,"href":"https:\/\/blogs.elnortedecastilla.es\/tuopinas\/wp-json\/wp\/v2\/users\/11"}],"replies":[{"embeddable":true,"href":"https:\/\/blogs.elnortedecastilla.es\/tuopinas\/wp-json\/wp\/v2\/comments?post=287"}],"version-history":[{"count":0,"href":"https:\/\/blogs.elnortedecastilla.es\/tuopinas\/wp-json\/wp\/v2\/posts\/287\/revisions"}],"wp:attachment":[{"href":"https:\/\/blogs.elnortedecastilla.es\/tuopinas\/wp-json\/wp\/v2\/media?parent=287"}],"wp:term":[{"taxonomy":"category","embeddable":true,"href":"https:\/\/blogs.elnortedecastilla.es\/tuopinas\/wp-json\/wp\/v2\/categories?post=287"},{"taxonomy":"post_tag","embeddable":true,"href":"https:\/\/blogs.elnortedecastilla.es\/tuopinas\/wp-json\/wp\/v2\/tags?post=287"}],"curies":[{"name":"wp","href":"https:\/\/api.w.org\/{rel}","templated":true}]}}