{"id":292,"date":"2015-11-16T18:22:46","date_gmt":"2015-11-16T17:22:46","guid":{"rendered":"http:\/\/blogs.elnortedecastilla.es\/tuopinas\/?p=292"},"modified":"2015-11-16T18:22:46","modified_gmt":"2015-11-16T17:22:46","slug":"cuales-son-las-peores-carreteras-de-castilla-y-leon","status":"publish","type":"post","link":"https:\/\/blogs.elnortedecastilla.es\/tuopinas\/2015\/11\/16\/cuales-son-las-peores-carreteras-de-castilla-y-leon\/","title":{"rendered":"\u00bfCu\u00e1les son las peores carreteras de Castilla y Le\u00f3n?"},"content":{"rendered":"<p><a href=\"\/tuopinas\/wp-content\/uploads\/sites\/9\/2015\/11\/NF0C5YU1.jpg\"><img loading=\"lazy\" class=\"aligncenter size-large wp-image-295\" title=\"Carretera reci\u00e9n reasfaltada en Salamanca\" src=\"\/tuopinas\/wp-content\/uploads\/sites\/9\/2015\/11\/NF0C5YU1.jpg\" alt=\"\" width=\"1024\" height=\"768\" srcset=\"https:\/\/static-blogs.elnortedecastilla.es\/wp-content\/uploads\/sites\/9\/2015\/11\/NF0C5YU1.jpg 1200w, https:\/\/static-blogs.elnortedecastilla.es\/wp-content\/uploads\/sites\/9\/2015\/11\/NF0C5YU1-300x225.jpg 300w, https:\/\/static-blogs.elnortedecastilla.es\/wp-content\/uploads\/sites\/9\/2015\/11\/NF0C5YU1-768x576.jpg 768w, https:\/\/static-blogs.elnortedecastilla.es\/wp-content\/uploads\/sites\/9\/2015\/11\/NF0C5YU1-1024x768.jpg 1024w\" sizes=\"(max-width: 1024px) 100vw, 1024px\" \/><\/a><\/p>\n<p>El pasado domingo se celebr\u00f3 el D\u00eda Mundial en recuerdo de las v\u00edctimas de accidentes de tr\u00e1fico. Uno de los elementos para reforzar la seguridad de los conductores y sus acompa\u00f1antes son las buenas carreteras. En nuestra comunidad el censo de la DGT recog\u00eda en el a\u00f1o 2013 15 puntos negros en los que se hab\u00edan producido al menos tres accidentes de tr\u00e1fico con v\u00edctimas. \u00bfCu\u00e1les son para ti las peores carreteras de la comunidad? \u00bfQu\u00e9 puntos tienen los peores baches, las curvas peor dise\u00f1adas o el firme m\u00e1s inestable? Dejamos tu opini\u00f3n.<\/p>\n","protected":false},"excerpt":{"rendered":"<p>El pasado domingo se celebr\u00f3 el D\u00eda Mundial en recuerdo de las v\u00edctimas de accidentes de tr\u00e1fico. Uno de los elementos para reforzar la seguridad de los conductores y sus acompa\u00f1antes son las buenas carreteras. En nuestra comunidad el censo de la DGT recog\u00eda en el a\u00f1o 2013 15 puntos negros en los que se [&hellip;]<\/p>\n","protected":false},"author":11,"featured_media":0,"comment_status":"open","ping_status":"open","sticky":false,"template":"","format":"standard","meta":[],"categories":[6],"tags":[],"_links":{"self":[{"href":"https:\/\/blogs.elnortedecastilla.es\/tuopinas\/wp-json\/wp\/v2\/posts\/292"}],"collection":[{"href":"https:\/\/blogs.elnortedecastilla.es\/tuopinas\/wp-json\/wp\/v2\/posts"}],"about":[{"href":"https:\/\/blogs.elnortedecastilla.es\/tuopinas\/wp-json\/wp\/v2\/types\/post"}],"author":[{"embeddable":true,"href":"https:\/\/blogs.elnortedecastilla.es\/tuopinas\/wp-json\/wp\/v2\/users\/11"}],"replies":[{"embeddable":true,"href":"https:\/\/blogs.elnortedecastilla.es\/tuopinas\/wp-json\/wp\/v2\/comments?post=292"}],"version-history":[{"count":0,"href":"https:\/\/blogs.elnortedecastilla.es\/tuopinas\/wp-json\/wp\/v2\/posts\/292\/revisions"}],"wp:attachment":[{"href":"https:\/\/blogs.elnortedecastilla.es\/tuopinas\/wp-json\/wp\/v2\/media?parent=292"}],"wp:term":[{"taxonomy":"category","embeddable":true,"href":"https:\/\/blogs.elnortedecastilla.es\/tuopinas\/wp-json\/wp\/v2\/categories?post=292"},{"taxonomy":"post_tag","embeddable":true,"href":"https:\/\/blogs.elnortedecastilla.es\/tuopinas\/wp-json\/wp\/v2\/tags?post=292"}],"curies":[{"name":"wp","href":"https:\/\/api.w.org\/{rel}","templated":true}]}}