{"id":296,"date":"2015-12-16T11:07:27","date_gmt":"2015-12-16T10:07:27","guid":{"rendered":"http:\/\/blogs.elnortedecastilla.es\/tuopinas\/?p=296"},"modified":"2015-12-16T11:07:27","modified_gmt":"2015-12-16T10:07:27","slug":"muestranos-tu-belen-tu-arbol-de-navidad-o-la-decoracion-de-tu-hogar","status":"publish","type":"post","link":"https:\/\/blogs.elnortedecastilla.es\/tuopinas\/2015\/12\/16\/muestranos-tu-belen-tu-arbol-de-navidad-o-la-decoracion-de-tu-hogar\/","title":{"rendered":"Mu\u00e9stranos tu Bel\u00e9n, tu \u00e1rbol de Navidad o la decoraci\u00f3n de tu hogar"},"content":{"rendered":"<p style=\"text-align: center;\"><a href=\"\/tuopinas\/wp-content\/uploads\/sites\/9\/2015\/12\/decoracion-navida.jpg\"><img loading=\"lazy\" class=\"size-large wp-image-297 aligncenter\" title=\"Decoraci\u00f3n \u00e1rbol de Navidad\" src=\"\/tuopinas\/wp-content\/uploads\/sites\/9\/2015\/12\/decoracion-navida.jpg\" alt=\"\" width=\"1024\" height=\"682\" srcset=\"https:\/\/static-blogs.elnortedecastilla.es\/wp-content\/uploads\/sites\/9\/2015\/12\/decoracion-navida.jpg 1350w, https:\/\/static-blogs.elnortedecastilla.es\/wp-content\/uploads\/sites\/9\/2015\/12\/decoracion-navida-300x200.jpg 300w, https:\/\/static-blogs.elnortedecastilla.es\/wp-content\/uploads\/sites\/9\/2015\/12\/decoracion-navida-768x512.jpg 768w, https:\/\/static-blogs.elnortedecastilla.es\/wp-content\/uploads\/sites\/9\/2015\/12\/decoracion-navida-1024x683.jpg 1024w\" sizes=\"(max-width: 1024px) 100vw, 1024px\" \/><\/a><\/p>\n<p>En las fechas navide\u00f1as que en estos d\u00edas comienzan las casas se engalanan. Los hay de \u00e1rbol de Navidad, los hay de Nacimiento y alguno que otro tira de calcetines en la chimenea (aunque para esto \u00faltimo hace falta una chimenea sobre la que ponerlos). Los ayuntamientos, las empresas e incluso algunas comunidades de vecinos aprovechan estos d\u00edas para preparar un hueco acogedor en el que conmemorar la llegada de los Reyes Magos o Pap\u00e1 No\u00ebl.<\/p>\n<p>En El Norte de Castilla queremos que compartas con nosotros las im\u00e1genes de tus rincones favoritos creados para celebrar la Navidad. Nos puedes enviar fotograf\u00edas de tu elementos decorativos al correo electr\u00f3nico participa.nc@elnortedecastilla.es, indicando en el asunto &#8216;Navidad&#8217;, o compartirlo con nosotros en las redes sociales bajo la etiqueta #NavidadenElNorte<\/p>\n<p>&nbsp;<\/p>\n","protected":false},"excerpt":{"rendered":"<p>En las fechas navide\u00f1as que en estos d\u00edas comienzan las casas se engalanan. Los hay de \u00e1rbol de Navidad, los hay de Nacimiento y alguno que otro tira de calcetines en la chimenea (aunque para esto \u00faltimo hace falta una chimenea sobre la que ponerlos). Los ayuntamientos, las empresas e incluso algunas comunidades de vecinos [&hellip;]<\/p>\n","protected":false},"author":11,"featured_media":0,"comment_status":"open","ping_status":"open","sticky":false,"template":"","format":"standard","meta":[],"categories":[4,5],"tags":[],"_links":{"self":[{"href":"https:\/\/blogs.elnortedecastilla.es\/tuopinas\/wp-json\/wp\/v2\/posts\/296"}],"collection":[{"href":"https:\/\/blogs.elnortedecastilla.es\/tuopinas\/wp-json\/wp\/v2\/posts"}],"about":[{"href":"https:\/\/blogs.elnortedecastilla.es\/tuopinas\/wp-json\/wp\/v2\/types\/post"}],"author":[{"embeddable":true,"href":"https:\/\/blogs.elnortedecastilla.es\/tuopinas\/wp-json\/wp\/v2\/users\/11"}],"replies":[{"embeddable":true,"href":"https:\/\/blogs.elnortedecastilla.es\/tuopinas\/wp-json\/wp\/v2\/comments?post=296"}],"version-history":[{"count":0,"href":"https:\/\/blogs.elnortedecastilla.es\/tuopinas\/wp-json\/wp\/v2\/posts\/296\/revisions"}],"wp:attachment":[{"href":"https:\/\/blogs.elnortedecastilla.es\/tuopinas\/wp-json\/wp\/v2\/media?parent=296"}],"wp:term":[{"taxonomy":"category","embeddable":true,"href":"https:\/\/blogs.elnortedecastilla.es\/tuopinas\/wp-json\/wp\/v2\/categories?post=296"},{"taxonomy":"post_tag","embeddable":true,"href":"https:\/\/blogs.elnortedecastilla.es\/tuopinas\/wp-json\/wp\/v2\/tags?post=296"}],"curies":[{"name":"wp","href":"https:\/\/api.w.org\/{rel}","templated":true}]}}