{"id":100,"date":"2007-03-31T08:06:00","date_gmt":"2007-03-31T08:06:00","guid":{"rendered":"http:\/\/blogs.elnortedecastilla.es\/vicentealvarez\/?p=100"},"modified":"2007-03-31T08:06:00","modified_gmt":"2007-03-31T08:06:00","slug":"memorias-cronicas-e-declarasoes-amor","status":"publish","type":"post","link":"https:\/\/blogs.elnortedecastilla.es\/vicentealvarez\/2007\/03\/31\/memorias-cronicas-e-declarasoes-amor\/","title":{"rendered":"MEM\u00d3RIAS, CR\u00d3NICAS E DECLARA\u00c7OES DE AMOR"},"content":{"rendered":"<p><IMG src=\"\/vicentealvarez\/files\/memorias.jpg\" width=\"240\" height=\"240\" class=\"imgcen\" \/><br \/>\n\u201cDeixa eu dizer que te amo, deixa eu pensar em voc\u00ea, isso me acalma, me acolhe a alma, isso me ajuda a viver\u201d. Son los primeros versos que nos susurra al o\u00eddo la maravillosa Marisa Monte en este disco, el m\u00e1s exitoso de su carrera, con Grammy Latino al mejor \u00e1lbum incluido y con m\u00e1s de un mill\u00f3n de ejemplares vendidos en todo el mundo. \u201cSe eu pudesse roubar as gotas de luar que vi brilhar nos olhos teus eu devia te deixar mas vou continuar para castigar meu pobre cora\u00e7ao\u201d. Marisa ha aprendido de todos los grandes de la m\u00fasica brasile\u00f1a y muy especialmente de la Velha Guarda de Portela. Con apenas veinte a\u00f1os march\u00f3 a Nueva York y all\u00ed coincidi\u00f3 con Ryuichi Sakamoto, Nana Vasconcelos, David Byrne o Arto Lyndsay, el productor de este disco aparecido en el a\u00f1o 2000, cuyo \u00fanico tema es el amor, aunque la mayor\u00eda de las trece canciones hablan de la ausencia del ser amado y de la soledad (al fin y al cabo, la b\u00fasqueda del amor es la b\u00fasqueda del fin de la soledad). La melancol\u00eda, el perd\u00f3n, la pasi\u00f3n, el amor como sentimiento redentor. Un disco que habla, adem\u00e1s, de diferentes amores: el amor de la adolescencia, el amor-conflicto, el amor a la humanidad, el miedo a perder el amor o el amor a la naturaleza. \u201cO que me importa ver voc\u00ea chorando se tantas vezes eu chorei tambem. O que me importa o seu carinho agora se para mim a vida terminou\u201d. Una peque\u00f1a obra de orfebrer\u00eda, como un camafeo de Cellini. Un festival de delicadeza, lirismo, serenidad, intensidad emocional y saudade. La samba y las bossanovas asaltadas por la voz aterciopelada de Marisa Monte, la m\u00e1s inteligente y exquisita cantante brasile\u00f1a de la actualidad. \u201cEu podia estar agora sem voc\u00ea mas eu nao quero, nao quero, por isso nao me diexe nunca nunca mais\u201d. Me enamor\u00e9 de ella en un concierto en el Palacio de Congresos del Campo de las Naciones. En directo, es la apoteosis de la belleza y una completa delicia para los sentidos, con su piel tan blanca, sus labios inmensamente rojos y la melena negra y rizada, mientras sus manos se balancean suavemente y dibujan en el aire arabescos de indescifrable belleza. Es lo m\u00e1s parecido que conozco a una diosa. Desde luego, si Botticelli viviera no tendr\u00eda que buscar m\u00e1s modelos para sus Venus. \u201cNao \u00e9 f\u00e1cil nao pensar em voc\u00ea. Nao \u00e9 f\u00e1cil, \u00e9 estranho\u201d.<\/p>\n","protected":false},"excerpt":{"rendered":"<p>\u201cDeixa eu dizer que te amo, deixa eu pensar em voc\u00ea, isso me acalma, me acolhe a alma, isso me ajuda a viver\u201d. Son los primeros versos que nos susurra al o\u00eddo la maravillosa Marisa Monte en este disco, el m\u00e1s exitoso de su carrera, con Grammy Latino al mejor \u00e1lbum incluido y con m\u00e1s [&hellip;]<\/p>\n","protected":false},"author":4,"featured_media":0,"comment_status":"open","ping_status":"closed","sticky":false,"template":"","format":"standard","meta":[],"categories":[6],"tags":[],"_links":{"self":[{"href":"https:\/\/blogs.elnortedecastilla.es\/vicentealvarez\/wp-json\/wp\/v2\/posts\/100"}],"collection":[{"href":"https:\/\/blogs.elnortedecastilla.es\/vicentealvarez\/wp-json\/wp\/v2\/posts"}],"about":[{"href":"https:\/\/blogs.elnortedecastilla.es\/vicentealvarez\/wp-json\/wp\/v2\/types\/post"}],"author":[{"embeddable":true,"href":"https:\/\/blogs.elnortedecastilla.es\/vicentealvarez\/wp-json\/wp\/v2\/users\/4"}],"replies":[{"embeddable":true,"href":"https:\/\/blogs.elnortedecastilla.es\/vicentealvarez\/wp-json\/wp\/v2\/comments?post=100"}],"version-history":[{"count":0,"href":"https:\/\/blogs.elnortedecastilla.es\/vicentealvarez\/wp-json\/wp\/v2\/posts\/100\/revisions"}],"wp:attachment":[{"href":"https:\/\/blogs.elnortedecastilla.es\/vicentealvarez\/wp-json\/wp\/v2\/media?parent=100"}],"wp:term":[{"taxonomy":"category","embeddable":true,"href":"https:\/\/blogs.elnortedecastilla.es\/vicentealvarez\/wp-json\/wp\/v2\/categories?post=100"},{"taxonomy":"post_tag","embeddable":true,"href":"https:\/\/blogs.elnortedecastilla.es\/vicentealvarez\/wp-json\/wp\/v2\/tags?post=100"}],"curies":[{"name":"wp","href":"https:\/\/api.w.org\/{rel}","templated":true}]}}