{"id":109,"date":"2007-04-12T21:08:00","date_gmt":"2007-04-12T21:08:00","guid":{"rendered":"http:\/\/blogs.elnortedecastilla.es\/vicentealvarez\/?p=109"},"modified":"2007-04-12T21:08:00","modified_gmt":"2007-04-12T21:08:00","slug":"crimenes-invisibles","status":"publish","type":"post","link":"https:\/\/blogs.elnortedecastilla.es\/vicentealvarez\/2007\/04\/12\/crimenes-invisibles\/","title":{"rendered":"CR\u00cdMENES INVISIBLES"},"content":{"rendered":"<p><IMG class=imgizqda height=211 src=\"\/vicentealvarez\/wp-content\/uploads\/sites\/3\" width=300><EM>Publicado en El Norte de Castilla el 12 de abril de 2007<\/EM><br \/>\nDespu\u00e9s de los pol\u00edticos, los programadores de televisi\u00f3n son los tipos que m\u00e1s desconfianza me provocan. Esta noche, en principio, anuncian la emisi\u00f3n del imprescindible documental &#8216;Invisibles&#8217;, una joya perturbadora apadrinada por M\u00e9dicos Sin Fronteras, producida por Javier Bardem y dirigida por Isabel Coixet, Wim Wenders, Fernando Le\u00f3n de Aranoa, Mariano Barroso y Javier Corcuera. Como en esto de las televisiones tambi\u00e9n hay clases, nos encomendaremos a La 2, casi la \u00fanica cadena que se merece un voto de confianza. Llevo enganchado a &#8216;Invisibles&#8217; desde que asist\u00ed a su estreno y vuelvo a ella peri\u00f3dicamente. Es como una necesidad, como un tributo a pagar, como una forma de intentar hacer visibles a gente completamente invisible: la urgencia de gritar y de que se oigan las voces de los que no tienen voz. Hoy me he detenido en la angustiosa y terrible propuesta de Wim Wenders, un director con el que muchos hemos so\u00f1ado en pel\u00edculas como &#8216;Par\u00eds, Texas'&#8221; o &#8216;Cielo sobre Berl\u00edn&#8217;. Para la ocasi\u00f3n, el director alem\u00e1n se traslad\u00f3 a la Rep\u00fablica Democr\u00e1tica del Congo y recogi\u00f3 los dram\u00e1ticos relatos de varias mujeres violadas (aunque id\u00e9nticos testimonios se podr\u00edan haber reunido en otros pa\u00edses en conflicto donde las mujeres son v\u00edctimas de sistem\u00e1ticos abusos). \u00c9l s\u00f3lo tuvo que poner su c\u00e1mara delante de ellas. Sospecho que jam\u00e1s se encontr\u00f3 con interpretaciones m\u00e1s sobrecogedoras. El problema es que todo lo que estas mujeres cuentan forma parte de la realidad m\u00e1s pura y dura, de la m\u00e1s bochornosa e indignante de las realidades: la violaci\u00f3n convertida en arma de guerra. Es el relato, en fin, de mujeres invisibles para el resto de la gente (una met\u00e1fora usada muy acertadamente por Wenders). Mujeres cuya vida no tiene ning\u00fan valor: son mujeres de usar y tirar; vaginas andantes utilizadas tanto por las tropas rebeldes de los Ma\u00ef-Ma\u00ef, como por los soldados del ej\u00e9rcito y la polic\u00eda. En un mundo desangrado que se desmorona, los m\u00e1s d\u00e9biles (los ni\u00f1os y las mujeres) son los m\u00e1s miserablemente explotados. El detonador de este infierno cotidiano no es otro que la extrema pobreza, algo que obliga a estas mujeres a tener que ir lejos a buscar comida para sus hijos. Las carreteras son peligrosas y el resultado final obsceno: mujeres crucificadas en el suelo y violadas en cadena, con sus ni\u00f1os y sus maridos como testigos alucinados. \u00abYa no podr\u00eda vivir con un hombre\u00bb, dice una. \u00abNo s\u00e9 cu\u00e1ntas veces me violaron\u00bb, dice otra. \u00abSiento como si un insecto se moviera en mi vagina\u00bb, dice una tercera. Casi todas mueven las manos de forma compulsiva, maquinal, desquiciada. En su mirada se trasluce un sereno odio y, sobre todo, un inmenso miedo y una verg\u00fcenza infinita. Por ello siempre buscan una excusa y, de alguna forma, se culpan de todo lo ocurrido: ustedes qu\u00e9 hubieran hecho, eran fuertes, iban armados, eran muchos. \u00abNo te averg\u00fcences, no fue culpa tuya\u00bb, les dicen otras mujeres pertenecientes a una asociaci\u00f3n que intenta ayudarlas. Aun as\u00ed, muchas v\u00edctimas de violaci\u00f3n son abandonadas por sus maridos. A veces a uno s\u00f3lo le queda abochornarse por pertenecer al g\u00e9nero humano (y m\u00e1s concretamente al masculino). Lo dice MSF: \u00abNecesitamos personas capaces de indignarse\u00bb. Que el silencio mata, no lo olviden. Vean &#8216;Invisibles&#8217;, por favor.<\/p>\n","protected":false},"excerpt":{"rendered":"<p>Publicado en El Norte de Castilla el 12 de abril de 2007 Despu\u00e9s de los pol\u00edticos, los programadores de televisi\u00f3n son los tipos que m\u00e1s desconfianza me provocan. Esta noche, en principio, anuncian la emisi\u00f3n del imprescindible documental &#8216;Invisibles&#8217;, una joya perturbadora apadrinada por M\u00e9dicos Sin Fronteras, producida por Javier Bardem y dirigida por Isabel [&hellip;]<\/p>\n","protected":false},"author":4,"featured_media":0,"comment_status":"open","ping_status":"closed","sticky":false,"template":"","format":"standard","meta":[],"categories":[7],"tags":[57,99],"_links":{"self":[{"href":"https:\/\/blogs.elnortedecastilla.es\/vicentealvarez\/wp-json\/wp\/v2\/posts\/109"}],"collection":[{"href":"https:\/\/blogs.elnortedecastilla.es\/vicentealvarez\/wp-json\/wp\/v2\/posts"}],"about":[{"href":"https:\/\/blogs.elnortedecastilla.es\/vicentealvarez\/wp-json\/wp\/v2\/types\/post"}],"author":[{"embeddable":true,"href":"https:\/\/blogs.elnortedecastilla.es\/vicentealvarez\/wp-json\/wp\/v2\/users\/4"}],"replies":[{"embeddable":true,"href":"https:\/\/blogs.elnortedecastilla.es\/vicentealvarez\/wp-json\/wp\/v2\/comments?post=109"}],"version-history":[{"count":0,"href":"https:\/\/blogs.elnortedecastilla.es\/vicentealvarez\/wp-json\/wp\/v2\/posts\/109\/revisions"}],"wp:attachment":[{"href":"https:\/\/blogs.elnortedecastilla.es\/vicentealvarez\/wp-json\/wp\/v2\/media?parent=109"}],"wp:term":[{"taxonomy":"category","embeddable":true,"href":"https:\/\/blogs.elnortedecastilla.es\/vicentealvarez\/wp-json\/wp\/v2\/categories?post=109"},{"taxonomy":"post_tag","embeddable":true,"href":"https:\/\/blogs.elnortedecastilla.es\/vicentealvarez\/wp-json\/wp\/v2\/tags?post=109"}],"curies":[{"name":"wp","href":"https:\/\/api.w.org\/{rel}","templated":true}]}}