{"id":111,"date":"2007-04-16T20:08:00","date_gmt":"2007-04-16T20:08:00","guid":{"rendered":"http:\/\/blogs.elnortedecastilla.es\/vicentealvarez\/?p=111"},"modified":"2007-04-16T20:08:00","modified_gmt":"2007-04-16T20:08:00","slug":"a-script-me-comere-luego","status":"publish","type":"post","link":"https:\/\/blogs.elnortedecastilla.es\/vicentealvarez\/2007\/04\/16\/a-script-me-comere-luego\/","title":{"rendered":"A LA SCRIPT ME LA COMER\u00c9 LUEGO"},"content":{"rendered":"<p>&#8211; Mi hambre es desigual y, a menudo, desmedida.<br \/>\n&#8211; Somos cient\u00edficos comprometidos con la creaci\u00f3n de memoria. Pero nuestra memoria no se enturbiar\u00e1 ni desvanecer\u00e1.<br \/>\n&#8211; Hubo un tiempo en que beb\u00eda en c\u00e1lices de oro.<br \/>\n&#8211; \u00bfC\u00f3mo te convertiste en vampiro?  &#8211; Fue una mujer&#8230;. Estuvimos juntos una noche y luego me dej\u00f3. Al principio tuve un retrato de ella en madera, luego un relieve de ella en m\u00e1rmol y luego tuve una imagen de ella en mi mente. Ahora ya no tengo ni eso.<br \/>\n&#8211; El tiempo, indignamente, cumpli\u00f3 su voluntad para desfigurarme, afearme, mutilarme, y aunque no acab\u00f3 conmigo, me oblig\u00f3 sin piedad a vivir en presencia de la juventud inmortal. Edad inmortal frente a juventud inmortal&#8230;. Y me convirti\u00f3 en cenizas.<br \/>\n&#8211; \u00bfComo podr\u00edas hacerme da\u00f1o cuando ni yo s\u00e9 c\u00f3mo podr\u00eda herirme a m\u00ed mismo?<br \/>\n<IMG src=\"\/vicentealvarez\/files\/mini-vampiro.jpg\" width=\"500\" height=\"156\" class=\"imgcen\" \/><br \/>\nObertura imp\u00eda que descubre nuestra sinfon\u00eda de horrores, la expresi\u00f3n suprema del amor en el m\u00e1s exquisito dolor imaginable. Cine dentro del cine que toma como punto de partida la leyenda seg\u00fan la cual F.W. Murnau utiliz\u00f3 un vampiro como protagonista de la m\u00edtica \u201cNosferatu\u201d, pel\u00edcula muda de 1922. La lucha por crear arte gracias a la novedosa arma de la imagen en movimiento con un cine preocupado en convertir dicha imagen en poes\u00eda mediante sombras que se alargan y se ocultan. El cine como met\u00e1fora \u00faltima de la seducci\u00f3n m\u00e1s extrema, la que nos acerca a la inmortalidad y permite que el tiempo ya solo sea un punto negro en nuestros pulmones. Murnau y su estrella sui-generis: un vampiro desvencijado en el crep\u00fasculo de su no-vida: perseguidor de la luna, blasfemo, monstruo, vasija de prehistoria: alguien que busca la muerte de siglos y, por el camino, se desayuna a la mitad del equipo de rodaje. \u00bfHay alguien entre vosotros que quiera ocupar el puesto de ayudante de c\u00e1mara?<\/p>\n","protected":false},"excerpt":{"rendered":"<p>&#8211; Mi hambre es desigual y, a menudo, desmedida. &#8211; Somos cient\u00edficos comprometidos con la creaci\u00f3n de memoria. Pero nuestra memoria no se enturbiar\u00e1 ni desvanecer\u00e1. &#8211; Hubo un tiempo en que beb\u00eda en c\u00e1lices de oro. &#8211; \u00bfC\u00f3mo te convertiste en vampiro? &#8211; Fue una mujer&#8230;. Estuvimos juntos una noche y luego me dej\u00f3. [&hellip;]<\/p>\n","protected":false},"author":4,"featured_media":0,"comment_status":"open","ping_status":"closed","sticky":false,"template":"","format":"standard","meta":[],"categories":[2],"tags":[],"_links":{"self":[{"href":"https:\/\/blogs.elnortedecastilla.es\/vicentealvarez\/wp-json\/wp\/v2\/posts\/111"}],"collection":[{"href":"https:\/\/blogs.elnortedecastilla.es\/vicentealvarez\/wp-json\/wp\/v2\/posts"}],"about":[{"href":"https:\/\/blogs.elnortedecastilla.es\/vicentealvarez\/wp-json\/wp\/v2\/types\/post"}],"author":[{"embeddable":true,"href":"https:\/\/blogs.elnortedecastilla.es\/vicentealvarez\/wp-json\/wp\/v2\/users\/4"}],"replies":[{"embeddable":true,"href":"https:\/\/blogs.elnortedecastilla.es\/vicentealvarez\/wp-json\/wp\/v2\/comments?post=111"}],"version-history":[{"count":0,"href":"https:\/\/blogs.elnortedecastilla.es\/vicentealvarez\/wp-json\/wp\/v2\/posts\/111\/revisions"}],"wp:attachment":[{"href":"https:\/\/blogs.elnortedecastilla.es\/vicentealvarez\/wp-json\/wp\/v2\/media?parent=111"}],"wp:term":[{"taxonomy":"category","embeddable":true,"href":"https:\/\/blogs.elnortedecastilla.es\/vicentealvarez\/wp-json\/wp\/v2\/categories?post=111"},{"taxonomy":"post_tag","embeddable":true,"href":"https:\/\/blogs.elnortedecastilla.es\/vicentealvarez\/wp-json\/wp\/v2\/tags?post=111"}],"curies":[{"name":"wp","href":"https:\/\/api.w.org\/{rel}","templated":true}]}}