{"id":114,"date":"2007-04-19T16:41:00","date_gmt":"2007-04-19T16:41:00","guid":{"rendered":"http:\/\/blogs.elnortedecastilla.es\/vicentealvarez\/?p=114"},"modified":"2007-04-19T16:41:00","modified_gmt":"2007-04-19T16:41:00","slug":"reflexiones-tras-tormenta","status":"publish","type":"post","link":"https:\/\/blogs.elnortedecastilla.es\/vicentealvarez\/2007\/04\/19\/reflexiones-tras-tormenta\/","title":{"rendered":"REFLEXIONES TRAS LA TORMENTA"},"content":{"rendered":"<p><IMG class=imgizqda height=131 src=\"\/vicentealvarez\/wp-content\/uploads\/sites\/3\" width=180><EM>Publicado en El Norte de Castilla el 19 de abril de 2007<\/EM><br \/>\nTerminaba un art\u00edculo entusiasta sobre nuestro Pucela de las entretelas en el que imaginaba que, tras copiar el modelo ingl\u00e9s, se convert\u00eda en ejemplo a seguir y Mendil\u00edbar se transformaba en el Alex Ferguson del Pisuerga: proyectos a largo plazo y pol\u00edtica de club por encima de todo, con el hombre ideal y con un grupo de gente inigualable. Fue entonces cuando surgi\u00f3 la noticia de que, tal vez, la plaza en primera divisi\u00f3n ganada por el Pucela de forma incontestable en los campos de f\u00fatbol, se vendiese al mejor postor. El presidente del club hab\u00eda saltado a la palestra y no aseguraba que en nuestra ciudad hubiese f\u00fatbol de primera la temporada pr\u00f3xima. Aquello constituy\u00f3 el principio de un cataclismo que dur\u00f3 un par de d\u00edas. Ahora parece que todo se ha olvidado. Los principales actores de esta tragicomedia (el alcalde, el presidente de la Diputaci\u00f3n y el presidente del Valladolid) aparecieron a las pocas horas estrech\u00e1ndose la mano como los tres mosqueteros y dejando v\u00eda libre definitiva para un proyecto urban\u00edstico que, presumiblemente, servir\u00e1 de tabla de salvaci\u00f3n al equipo de f\u00fatbol. Desde el principio todo parec\u00eda un farol de los due\u00f1os del club a las instituciones en el momento adecuado: un chantaje en todo regla en la antesala de las elecciones, sin posibilidad de margen de maniobra y con los pol\u00edticos pillados con los pantalones por los tobillos. Lo sucedido ha servido, en cualquier caso, para aclarar el posicionamiento de todos los protagonistas de este vodevil. Unas propietarias que heredan un equipo de f\u00fatbol sin comerlo ni beberlo y que amenazan con medidas de presi\u00f3n si no les otorgan ciertos beneficios. Un presidente que ha interpretado perfectamente su papel y que, como gestor a sueldo de unos accionistas, ha preferido defenderlos a ellos en primer lugar, aprovechando con habilidad el momento id\u00f3neo para soltar un \u00f3rdago y sembrar el p\u00e1nico. Unos pol\u00edticos incapaces (tal vez m\u00e1s preocupados en conseguir viviendas de protecci\u00f3n oficial para familiares) de encontrar una soluci\u00f3n al equipo m\u00e1s representativo de la ciudad a trav\u00e9s de ayudas, planes urban\u00edsticos transparentes o atrayendo a empresarios como en su d\u00eda se hizo con Marcos Fern\u00e1ndez. Pol\u00edticos enredados, adem\u00e1s, en guerras internas bastardas y que, a pesar de pertenecer al mismo partido, no han sabido ponerse de acuerdo en ning\u00fan momento (ahora tendr\u00e1n que explicar por qu\u00e9 en pocas horas se ha desbloqueado una negociaci\u00f3n que llevaba a\u00f1os enquistada). Una ciudad donde no se mueve nadie para apoyar al club, donde ning\u00fan empresario se implica (ni publicidad para las camisetas se ha conseguido este a\u00f1o) y donde nadie se da cuenta de que, guste o no, el f\u00fatbol es el principal objeto publicitario y tur\u00edstico de la ciudad. Y, en fin, unos aficionados convertidos en da\u00f1os colaterales. \u201cVosotros: votos y dinero; nosotros: filosof\u00eda de vida\u201d, dec\u00eda una pancarta en el estadio. Los \u00fanicos que comprenden que el sentimiento ni se compra ni se vende. El d\u00eda del ascenso no faltar\u00e1 ning\u00fan pol\u00edtico en la foto. Nos dicen que el Arena es la \u00fanica salida para la viabilidad del club. Tal vez sea as\u00ed. Ahora sabemos que por el camino se van a llenar unos cuantos bolsillos. Y tambi\u00e9n sabemos de lo que son capaces para conseguirlo. El a\u00f1o est\u00e1 siendo prodigioso pero, de alguna forma, han roto la magia. A m\u00ed, al menos, toda esta tragicomedia me ha dejado un gusto amargo. Que al menos haya un final feliz para el Pucela. <\/p>\n","protected":false},"excerpt":{"rendered":"<p>Publicado en El Norte de Castilla el 19 de abril de 2007 Terminaba un art\u00edculo entusiasta sobre nuestro Pucela de las entretelas en el que imaginaba que, tras copiar el modelo ingl\u00e9s, se convert\u00eda en ejemplo a seguir y Mendil\u00edbar se transformaba en el Alex Ferguson del Pisuerga: proyectos a largo plazo y pol\u00edtica de [&hellip;]<\/p>\n","protected":false},"author":4,"featured_media":0,"comment_status":"open","ping_status":"closed","sticky":false,"template":"","format":"standard","meta":[],"categories":[7],"tags":[112],"_links":{"self":[{"href":"https:\/\/blogs.elnortedecastilla.es\/vicentealvarez\/wp-json\/wp\/v2\/posts\/114"}],"collection":[{"href":"https:\/\/blogs.elnortedecastilla.es\/vicentealvarez\/wp-json\/wp\/v2\/posts"}],"about":[{"href":"https:\/\/blogs.elnortedecastilla.es\/vicentealvarez\/wp-json\/wp\/v2\/types\/post"}],"author":[{"embeddable":true,"href":"https:\/\/blogs.elnortedecastilla.es\/vicentealvarez\/wp-json\/wp\/v2\/users\/4"}],"replies":[{"embeddable":true,"href":"https:\/\/blogs.elnortedecastilla.es\/vicentealvarez\/wp-json\/wp\/v2\/comments?post=114"}],"version-history":[{"count":0,"href":"https:\/\/blogs.elnortedecastilla.es\/vicentealvarez\/wp-json\/wp\/v2\/posts\/114\/revisions"}],"wp:attachment":[{"href":"https:\/\/blogs.elnortedecastilla.es\/vicentealvarez\/wp-json\/wp\/v2\/media?parent=114"}],"wp:term":[{"taxonomy":"category","embeddable":true,"href":"https:\/\/blogs.elnortedecastilla.es\/vicentealvarez\/wp-json\/wp\/v2\/categories?post=114"},{"taxonomy":"post_tag","embeddable":true,"href":"https:\/\/blogs.elnortedecastilla.es\/vicentealvarez\/wp-json\/wp\/v2\/tags?post=114"}],"curies":[{"name":"wp","href":"https:\/\/api.w.org\/{rel}","templated":true}]}}