{"id":120,"date":"2007-04-26T13:34:00","date_gmt":"2007-04-26T13:34:00","guid":{"rendered":"http:\/\/blogs.elnortedecastilla.es\/vicentealvarez\/?p=120"},"modified":"2007-04-26T13:34:00","modified_gmt":"2007-04-26T13:34:00","slug":"la-mendilina","status":"publish","type":"post","link":"https:\/\/blogs.elnortedecastilla.es\/vicentealvarez\/2007\/04\/26\/la-mendilina\/","title":{"rendered":"LA MENDILINA"},"content":{"rendered":"<p>Publicado en el Especial Ascenso 2007 de &#8220;El Norte de Castilla&#8221;.<br \/>\nHe visto cosas que vosotros no creer\u00edais. He visto a Fenoy disparando como un pistolero, a M\u00edchel toc\u00e1ndole los coquitos a Valderrama y a Gonzalo Alonso subastar coches. He visto a Beckenbauer resucitado en la figura de Caminero, a Carde\u00f1osa acariciar el esf\u00e9rico con un guante en su borcegu\u00ed y a un presidente destituyendo a un entrenador por la radio. He visto a un reci\u00e9n llegado Fernando Hierro debutar con el primer equipo, a Gail despidiendo al viejo Zorrilla y a Jorge dando la bienvenida al Nuevo Estadio. He visto a Higuita haciendo el escorpi\u00f3n, al Pato Y\u00e1\u00f1ez convertido en Correcaminos y a \u00d3scar Wirth (portero y rey de las camisetas extravagantes) jugar de defensa central. He visto a Marcos Fern\u00e1ndez defender con u\u00f1as y dientes al Pucela, a Rusky, Mor\u00e9 y Costa llegar desde Barcelona y a Ant\u00f3n jugar con peluqu\u00edn. He visto m\u00edticos cuadrangulares del Ciudad de Valladolid m\u00e1s all\u00e1 de la medianoche, he visto el marcador simult\u00e1neo Dardo y he visto a un jeque kuwait\u00ed bajar al estadio a detener un partido. He visto a Da Silva ser el pichichi de la liga, a Jacquet mandar en el \u00e1rea como un mariscal y a C\u00e9sar S\u00e1nchez debutar contra el \u201cdream team\u201d. He visto el no penalty de Ravnic a Butrague\u00f1o, a Cantatore salvar a un equipo medio desahuciado y a Pe\u00f1a meterle tres goles al Bar\u00e7a en el Camp Nou. He visto a Aravena lanzar faltas casi desde el medio campo, a Gilberto romper el bal\u00f3n con sus ca\u00f1onazos y a M\u00e1gico Gonz\u00e1lez hacer diabluras con el esf\u00e9rico. He visto a Amarillo firm\u00e1ndome un aut\u00f3grafo en el mismo c\u00e9sped del viejo Zorrilla antes de empezar un partido, a Ed\u00fa hacer de las rabonas un arte y a Land\u00e1buru colar un gol desde el centro del campo en el \u00faltimo minuto. He visto al Pucela jugar la final de la Copa del Rey, meterle ocho goles al Oviedo en el Tartiere y a cientos de coches bajar del estadio haciendo sonar el claxon y celebrando la victoria en la Copa de la Liga. Todos esos momentos se perder\u00e1n en el tiempo como l\u00e1grimas en la lluvia. Es hora de&#8230;.<br \/>\n<IMG class=imgcen height=400 src=\"\/\/blogs.elnortedecastilla.es\/\/vicentealvarez\/files\/mini-real-valladolid-celebracin-equipo-16.3.2708004008.jpg\" width=398><br \/>\nEs hora de&#8230;. resucitar y engancharnos a la MENDILINA: el mejor f\u00e1rmaco del mundo, ideal para alargar esta temporada gloriosa llena de r\u00e9cords. La mendilina, comercializada en exclusiva por Laboratorios Mendil\u00edbar, es una sustancia con acci\u00f3n estimulante, fortalecedora, esperanzadora y levemente alucinante. Es un derivado adrenal\u00edtico con peque\u00f1as dosis de citrato de cafe\u00edna para levantar el \u00e1nimo. La mendilina se compone de sales de rehidrataci\u00f3n futbolera que ayudan a reducir los estados de apat\u00eda, somnolencia y tiki-taka fuera de lugar. Recomendado para el tratamiento de heridas abiertas por fracasos recientes, alivia el dolor, previene el conformismo y activa la competitividad. El uso de la mendilina est\u00e1 indicado en equipos que presentan s\u00edntomas de ansiedad, tensi\u00f3n, nerviosismo, depresi\u00f3n y que tienen dificultades para hacer campa\u00f1as victoriosas. Un chute de mendilina diario ayuda a potenciar la autoestima y el orgullo blanquivioleta. INCOMPATIBILIDADES: no se han descrito incompatibilidades aunque se recomienda a los pacientes pucelanos con madriditis aguda o barcelonitis acusada que aumenten su dosis. REACCIONES ADVERSAS: la utilizaci\u00f3n prolongada de altas dosis de mendilina puede llevar al paciente a verse en la final de la Champions. Si se observa \u00e9sta o cualquier otra reacci\u00f3n adversa no descrita anteriormente, comp\u00e1rtalo con sus amigos. EMBARAZO: si usted est\u00e1 embarazada o cree que pudiera estarlo, el consumo de mendilina durante el embarazo puede provocar un sentimiento blanquivioleta de car\u00e1cter irreversible. Consulte con su m\u00e9dico aunque es recomendable hacer socio al beb\u00e9 nada m\u00e1s nacer. SOBREDOSIS: Es poco probable que se produzca sobredosis con este medicamento. En caso de sobredosis, haga socio al cu\u00f1ado que se presenta a comer todos los domingos. La sintomatolog\u00eda por sobredosis incluye euforia desatada, impulsos irrefrenables de ponerse calzoncillos blanquivioletas y unos ciertos aires de superioridad que se bajan de inmediato contemplando una fotograf\u00eda de Marcos Alonso o Fernando V\u00e1zquez. CADUCIDAD: no se le reconoce caducidad a este medicamento en Valladolid. RECOMENDACI\u00d3N FINAL: Suban al Zorrilla sin dilaci\u00f3n, que hasta el doctor House es un yonqui de la mendilina y ya se ha hecho del Pucela.<\/p>\n","protected":false},"excerpt":{"rendered":"<p>Publicado en el Especial Ascenso 2007 de &#8220;El Norte de Castilla&#8221;. He visto cosas que vosotros no creer\u00edais. He visto a Fenoy disparando como un pistolero, a M\u00edchel toc\u00e1ndole los coquitos a Valderrama y a Gonzalo Alonso subastar coches. He visto a Beckenbauer resucitado en la figura de Caminero, a Carde\u00f1osa acariciar el esf\u00e9rico con [&hellip;]<\/p>\n","protected":false},"author":4,"featured_media":0,"comment_status":"open","ping_status":"closed","sticky":false,"template":"","format":"standard","meta":[],"categories":[7],"tags":[112],"_links":{"self":[{"href":"https:\/\/blogs.elnortedecastilla.es\/vicentealvarez\/wp-json\/wp\/v2\/posts\/120"}],"collection":[{"href":"https:\/\/blogs.elnortedecastilla.es\/vicentealvarez\/wp-json\/wp\/v2\/posts"}],"about":[{"href":"https:\/\/blogs.elnortedecastilla.es\/vicentealvarez\/wp-json\/wp\/v2\/types\/post"}],"author":[{"embeddable":true,"href":"https:\/\/blogs.elnortedecastilla.es\/vicentealvarez\/wp-json\/wp\/v2\/users\/4"}],"replies":[{"embeddable":true,"href":"https:\/\/blogs.elnortedecastilla.es\/vicentealvarez\/wp-json\/wp\/v2\/comments?post=120"}],"version-history":[{"count":0,"href":"https:\/\/blogs.elnortedecastilla.es\/vicentealvarez\/wp-json\/wp\/v2\/posts\/120\/revisions"}],"wp:attachment":[{"href":"https:\/\/blogs.elnortedecastilla.es\/vicentealvarez\/wp-json\/wp\/v2\/media?parent=120"}],"wp:term":[{"taxonomy":"category","embeddable":true,"href":"https:\/\/blogs.elnortedecastilla.es\/vicentealvarez\/wp-json\/wp\/v2\/categories?post=120"},{"taxonomy":"post_tag","embeddable":true,"href":"https:\/\/blogs.elnortedecastilla.es\/vicentealvarez\/wp-json\/wp\/v2\/tags?post=120"}],"curies":[{"name":"wp","href":"https:\/\/api.w.org\/{rel}","templated":true}]}}