{"id":129,"date":"2007-05-10T20:08:00","date_gmt":"2007-05-10T20:08:00","guid":{"rendered":"http:\/\/blogs.elnortedecastilla.es\/vicentealvarez\/?p=129"},"modified":"2007-05-10T20:08:00","modified_gmt":"2007-05-10T20:08:00","slug":"la-derrota-los-embusteros","status":"publish","type":"post","link":"https:\/\/blogs.elnortedecastilla.es\/vicentealvarez\/2007\/05\/10\/la-derrota-los-embusteros\/","title":{"rendered":"LA DERROTA DE LOS EMBUSTEROS"},"content":{"rendered":"<p><IMG src=\"\/vicentealvarez\/files\/mini-juicio-presidido-magistrado-bermudez-2-20070215.jpg\" width=\"200\" height=\"148\" class=\"imgizqda\" \/><em>Publicado en El Norte de Castilla el 10 de mayo de 2007<\/em><br \/>\nUn reportaje ha vuelto a sembrar la pol\u00e9mica. Aunque atufan los motivos electoralistas que anidan en la trastienda, no est\u00e1 de m\u00e1s volver a abochornar a los que, por aferrarse como garrapatas a la poltrona, no dudaron en manipular la realidad. Todo comenz\u00f3 un maldito 11 de marzo que nadie podr\u00e1 olvidar. Han pasado tres a\u00f1os, se ha enterrado a 191 personas y hemos asistido a un macrojuicio por el que han desfilado m\u00e1s de 500 testigos. Una vez concluida la primera fase judicial, algo parece evidente: la vomitiva teor\u00eda de la conspiraci\u00f3n ha sido desmontada por activa y por pasiva. Todos los mandos policiales se han desmarcado de ella dejando en evidencia a los medios de comunicaci\u00f3n que con tanta sa\u00f1a han regalado teor\u00edas delirantes. El jefe de los Tedax ya dijo a las dos de la tarde del mismo 11-M, tras conocerse los primeros an\u00e1lisis qu\u00edmicos, que ETA quedaba descartada al confirmarse que el tytadine no hab\u00eda sido el explosivo utilizado. Sin embargo (y el reportaje sigue minuto a minuto los pasos del Gobierno y las ruedas de prensa de Acebes), se mantuvo durante todo el d\u00eda 12 e incluso el d\u00eda 13, la certeza de que ETA estaba detr\u00e1s de los atentados. Aznar, en primera persona, se encarg\u00f3 de transmitir a los directores de los peri\u00f3dicos tal circunstancia y Asuntos Exteriores mand\u00f3 una nota a todos los embajadores ordenando que aprovechasen cualquier circunstancia para confirmar la autor\u00eda de ETA. Nada les hizo cambiar su estrategia, ni siquiera cuando se encontr\u00f3 la furgoneta con detonadores y una cinta con versos del Cor\u00e1n, cuando apareci\u00f3 el v\u00eddeo de reivindicaci\u00f3n o cuando se practicaron las primeras detenciones. En el reportaje seguimos paso a paso los preparativos de los asesinos, desde la Mina Conchita hasta la casa de Morata de Taju\u00f1a donde se fabricaron los explosivos. Conocemos las historias de los suicidas de Legan\u00e9s, de la Kangoo y su casete de la Orquesta Mondrag\u00f3n, de los putrefactos negocios de dinamita a cambio de hach\u00eds. Todo lo hemos sabido. Tambi\u00e9n que los confidentes de la polic\u00eda eran los mismos que los de ciertos medios de comunicaci\u00f3n: \u00abMientras &#8216;El Mundo&#8217; pague, les cuento hasta la Guerra Civil\u00bb, lleg\u00f3 a decir el ex minero Su\u00e1rez Trashorras. Lo peor de todo es que la mierda tendenciosa ha salpicado a todo el mundo: a los Tedax que se jugaron la vida, a los jueces, a los fiscales, a la polic\u00eda, a la justicia y, sobre todo, a unas familias deseosas de pasar p\u00e1gina y olvidar. Para m\u00e1s inri, han sido los abogados de las acusaciones particulares, no los de las defensas, los m\u00e1s interesados en colar su propia teor\u00eda conspirativa (el juez ha tenido que parar los pies m\u00e1s de una vez a alg\u00fan abogado de la AVT por entorpecer la causa). Ahora, para rematar la indecencia, se descuelgan con la ruin propuesta de exhumar cad\u00e1veres de v\u00edctimas. No descansan en su huida hacia delante y, de paso, en prolongar la agon\u00eda de las familias. El PP sigue convencido de que perdi\u00f3 las elecciones por las bombas; todav\u00eda no se ha dado cuenta de que lo que les hizo perderlas fue su comportamiento miserable y sus mentiras durante aquellos tres d\u00edas. Si los fieles a Felipe Gonz\u00e1lez se tuvieron que marchar por la puerta de atr\u00e1s a ra\u00edz de sus esc\u00e1ndalos, resulta incomprensible que en la c\u00fapula del PP todav\u00eda asienten sus belfos gl\u00fateos gente como Acebes. Casi le preferimos haciendo chistes f\u00e1ciles sobre el vino que tiene Asunci\u00f3n junto a su jefe, el mismo que vomit\u00f3 aquello de que los autores de los atentados no andan en desiertos muy remotos ni en monta\u00f1as muy lejanas.<\/p>\n","protected":false},"excerpt":{"rendered":"<p>Publicado en El Norte de Castilla el 10 de mayo de 2007 Un reportaje ha vuelto a sembrar la pol\u00e9mica. Aunque atufan los motivos electoralistas que anidan en la trastienda, no est\u00e1 de m\u00e1s volver a abochornar a los que, por aferrarse como garrapatas a la poltrona, no dudaron en manipular la realidad. Todo comenz\u00f3 [&hellip;]<\/p>\n","protected":false},"author":4,"featured_media":0,"comment_status":"open","ping_status":"closed","sticky":false,"template":"","format":"standard","meta":[],"categories":[7],"tags":[],"_links":{"self":[{"href":"https:\/\/blogs.elnortedecastilla.es\/vicentealvarez\/wp-json\/wp\/v2\/posts\/129"}],"collection":[{"href":"https:\/\/blogs.elnortedecastilla.es\/vicentealvarez\/wp-json\/wp\/v2\/posts"}],"about":[{"href":"https:\/\/blogs.elnortedecastilla.es\/vicentealvarez\/wp-json\/wp\/v2\/types\/post"}],"author":[{"embeddable":true,"href":"https:\/\/blogs.elnortedecastilla.es\/vicentealvarez\/wp-json\/wp\/v2\/users\/4"}],"replies":[{"embeddable":true,"href":"https:\/\/blogs.elnortedecastilla.es\/vicentealvarez\/wp-json\/wp\/v2\/comments?post=129"}],"version-history":[{"count":0,"href":"https:\/\/blogs.elnortedecastilla.es\/vicentealvarez\/wp-json\/wp\/v2\/posts\/129\/revisions"}],"wp:attachment":[{"href":"https:\/\/blogs.elnortedecastilla.es\/vicentealvarez\/wp-json\/wp\/v2\/media?parent=129"}],"wp:term":[{"taxonomy":"category","embeddable":true,"href":"https:\/\/blogs.elnortedecastilla.es\/vicentealvarez\/wp-json\/wp\/v2\/categories?post=129"},{"taxonomy":"post_tag","embeddable":true,"href":"https:\/\/blogs.elnortedecastilla.es\/vicentealvarez\/wp-json\/wp\/v2\/tags?post=129"}],"curies":[{"name":"wp","href":"https:\/\/api.w.org\/{rel}","templated":true}]}}