{"id":130,"date":"2007-05-12T13:07:00","date_gmt":"2007-05-12T13:07:00","guid":{"rendered":"http:\/\/blogs.elnortedecastilla.es\/vicentealvarez\/?p=130"},"modified":"2007-05-12T13:07:00","modified_gmt":"2007-05-12T13:07:00","slug":"pensar-tu-nombre-ahora-envenena-mis-suenos","status":"publish","type":"post","link":"https:\/\/blogs.elnortedecastilla.es\/vicentealvarez\/2007\/05\/12\/pensar-tu-nombre-ahora-envenena-mis-suenos\/","title":{"rendered":"PENSAR TU NOMBRE AHORA ENVENENA MIS SUE\u00d1OS"},"content":{"rendered":"<p>&#8211; Cuando te conoc\u00ed tuve la oportunidad de experimentar esa extra\u00f1a y falaz sensaci\u00f3n de ser feliz.<br \/>\n&#8211; Hubiera querido protegerte de todos los peligros, de todas las tristezas y de todos los recuerdos a lo largo de mi vida, pero no pudo ser as\u00ed.<br \/>\n&#8211; Siento pena, s\u00e9 que esa pena en el fondo es por m\u00ed misma, por todo lo que quise y s\u00e9 que no tendr\u00e9.<br \/>\n&#8211; Anduvimos juntos sobre una cinta de Moebius y pasamos al otro lado de la cinta: al vac\u00edo.<br \/>\n&#8211; A pesar de los a\u00f1os pasados quisiera decirte que tu cara, tu cuerpo, tu sonrisa y tus palabras se me aparecen en las noches con una nitidez y frecuencia que lamento.<br \/>\n&#8211; Ya me barruntaba yo que esto del amor acaba haciendo da\u00f1o.<br \/>\n<IMG src=\"\/vicentealvarez\/files\/mini-envenena.jpg\" width=\"400\" height=\"155\" class=\"imgcen\" \/><br \/>\nUn hombre que se complica la vida (y ya se sabe que cuando un hombre se complica la vida es desdichado y su suerte se le escapa). Una mujer que siempre tiene la sensaci\u00f3n de que las cosas suceden no como consecuencia sino a pesar del empe\u00f1o que ponemos en que ocurran o no. Un hombre que antes pensaba que se podr\u00eda arreglar un poco el mundo y ahora piensa que con que cada uno pueda mantener un poco limpio lo que tiene a su alrededor es m\u00e1s que suficiente. Una mujer que ya no hace planes porque nadie, en realidad, los hace.<br \/>\n&#8211; Si me voy ahora es muy probable que no volvamos a vernos.<br \/>\n&#8211; Ya lo s\u00e9. \u00bfY si te quedas?<br \/>\nEn fin, ya lo dijo Luis Cernuda: \u201cPensar tu nombre ahora  \/ Envenena mis sue\u00f1os \/ Amargos son los d\u00edas \/ De la vida, viviendo \/ S\u00f3lo una larga espera \/ A fuerza de recuerdos. \/ Un d\u00eda, t\u00fa ya libre \/ De la mentira de ellos, \/ Me buscar\u00e1s. Entonces \/ \u00bfQu\u00e9 ha de decir un muerto?&#8221;.<\/p>\n","protected":false},"excerpt":{"rendered":"<p>&#8211; Cuando te conoc\u00ed tuve la oportunidad de experimentar esa extra\u00f1a y falaz sensaci\u00f3n de ser feliz. &#8211; Hubiera querido protegerte de todos los peligros, de todas las tristezas y de todos los recuerdos a lo largo de mi vida, pero no pudo ser as\u00ed. &#8211; Siento pena, s\u00e9 que esa pena en el fondo [&hellip;]<\/p>\n","protected":false},"author":4,"featured_media":0,"comment_status":"open","ping_status":"closed","sticky":false,"template":"","format":"standard","meta":[],"categories":[2],"tags":[],"_links":{"self":[{"href":"https:\/\/blogs.elnortedecastilla.es\/vicentealvarez\/wp-json\/wp\/v2\/posts\/130"}],"collection":[{"href":"https:\/\/blogs.elnortedecastilla.es\/vicentealvarez\/wp-json\/wp\/v2\/posts"}],"about":[{"href":"https:\/\/blogs.elnortedecastilla.es\/vicentealvarez\/wp-json\/wp\/v2\/types\/post"}],"author":[{"embeddable":true,"href":"https:\/\/blogs.elnortedecastilla.es\/vicentealvarez\/wp-json\/wp\/v2\/users\/4"}],"replies":[{"embeddable":true,"href":"https:\/\/blogs.elnortedecastilla.es\/vicentealvarez\/wp-json\/wp\/v2\/comments?post=130"}],"version-history":[{"count":0,"href":"https:\/\/blogs.elnortedecastilla.es\/vicentealvarez\/wp-json\/wp\/v2\/posts\/130\/revisions"}],"wp:attachment":[{"href":"https:\/\/blogs.elnortedecastilla.es\/vicentealvarez\/wp-json\/wp\/v2\/media?parent=130"}],"wp:term":[{"taxonomy":"category","embeddable":true,"href":"https:\/\/blogs.elnortedecastilla.es\/vicentealvarez\/wp-json\/wp\/v2\/categories?post=130"},{"taxonomy":"post_tag","embeddable":true,"href":"https:\/\/blogs.elnortedecastilla.es\/vicentealvarez\/wp-json\/wp\/v2\/tags?post=130"}],"curies":[{"name":"wp","href":"https:\/\/api.w.org\/{rel}","templated":true}]}}