{"id":131,"date":"2007-05-13T10:09:00","date_gmt":"2007-05-13T10:09:00","guid":{"rendered":"http:\/\/blogs.elnortedecastilla.es\/vicentealvarez\/?p=131"},"modified":"2007-05-13T10:09:00","modified_gmt":"2007-05-13T10:09:00","slug":"la-cancion-juan-perro","status":"publish","type":"post","link":"https:\/\/blogs.elnortedecastilla.es\/vicentealvarez\/2007\/05\/13\/la-cancion-juan-perro\/","title":{"rendered":"LA CANCI\u00d3N DE JUAN PERRO"},"content":{"rendered":"<p><IMG src=\"\/\/participacion.elnortedecastilla.es\/\/vicentealvarez\/files\/radiofutura.bmp\" width=\"200\" height=\"190\" class=\"imgcen\" \/><br \/>\nCuenta la leyenda que los hermanos Auser\u00f3n visitaron la tumba de Jim Morrison en P\u00e8re Lachaise y all\u00ed juraron parir un gran grupo de rocanrol. A pesar de unos titubeantes comienzos, pronto tomaron la riendas de su grupo, Radio Futura, y con la maravillosa \u201cLa estatua del jard\u00edn bot\u00e1nico\u201d iniciaron una carrera mod\u00e9lica que les consagr\u00f3 como el mejor grupo de la d\u00e9cada de los ochenta. Tras un par de discos impecables, en 1987 sacan al mercado \u201cLa canci\u00f3n de Juan Perro\u201d, un trabajo grabado en Nueva York donde mezclaron de manera magistral sonidos caribe\u00f1os e hispanos, rumbas, rhythm and blues y rocanrol. El resultado fue un disco \u00fanico e irrepetible, grandioso, extra\u00f1o e hist\u00f3rico (tal vez el que confirm\u00f3 la mayor\u00eda de edad del rock espa\u00f1ol), adornado con un sonido desconocido hasta el momento. Un trabajo repleto de canciones exuberantes, originales, contagiosas y envolventes, todas ellas pre\u00f1adas de letras postmodernas, cuidadas hasta el m\u00e1s m\u00ednimo detalle, textos magn\u00edficos que nos regalaban historias inolvidables, palabras encadenadas acomodadas m\u00e1gicamente a la m\u00fasica. Piezas mestizas, en fin, que convirtieron a \u201cLa canci\u00f3n de Juan Perro\u201d en el primer \u00e1lbum de rock latino y fuente inagotable de temazos que ya han pasado a la Historia con may\u00fasculas del rock espa\u00f1ol. Himnos como \u201cA cara o cruz\u201d, \u201c37 grados\u201d o \u201cEl canto del gallo\u201d constitu\u00edan la avanzadilla de un LP irrepetible que conten\u00eda en su interior dos de los temas m\u00e1s maravillosos jam\u00e1s escritos en castellano: la imperecedera \u201cLa negra flor\u201d y la apasionada \u201cAnnabel Lee\u201d, por quien Edgar Allan Poe no deja ni dejar\u00e1 de brindar por los siglos de los siglos. Hay gente que dice que Santiago Auser\u00f3n, el m\u00fasico conocido ahora (mira qu\u00e9 casualidad) como Juan Perro, ha firmado un pacto con el diablo y convertido ya en Dorian Gray para siempre, cualquiera le puede ver por el Jard\u00edn Bot\u00e1nico paseando arrogante y met\u00e1lico, con todas las lecciones aprendidas en la escuela de calor y con la misma apariencia de cuando descubri\u00f3 la \u201cSemilla negra\u201d de la m\u00fasica. Jim Morrison estar\u00eda orgulloso de \u00e9l, sin duda.<\/p>\n","protected":false},"excerpt":{"rendered":"<p>Cuenta la leyenda que los hermanos Auser\u00f3n visitaron la tumba de Jim Morrison en P\u00e8re Lachaise y all\u00ed juraron parir un gran grupo de rocanrol. A pesar de unos titubeantes comienzos, pronto tomaron la riendas de su grupo, Radio Futura, y con la maravillosa \u201cLa estatua del jard\u00edn bot\u00e1nico\u201d iniciaron una carrera mod\u00e9lica que les [&hellip;]<\/p>\n","protected":false},"author":4,"featured_media":0,"comment_status":"open","ping_status":"closed","sticky":false,"template":"","format":"standard","meta":[],"categories":[6],"tags":[],"_links":{"self":[{"href":"https:\/\/blogs.elnortedecastilla.es\/vicentealvarez\/wp-json\/wp\/v2\/posts\/131"}],"collection":[{"href":"https:\/\/blogs.elnortedecastilla.es\/vicentealvarez\/wp-json\/wp\/v2\/posts"}],"about":[{"href":"https:\/\/blogs.elnortedecastilla.es\/vicentealvarez\/wp-json\/wp\/v2\/types\/post"}],"author":[{"embeddable":true,"href":"https:\/\/blogs.elnortedecastilla.es\/vicentealvarez\/wp-json\/wp\/v2\/users\/4"}],"replies":[{"embeddable":true,"href":"https:\/\/blogs.elnortedecastilla.es\/vicentealvarez\/wp-json\/wp\/v2\/comments?post=131"}],"version-history":[{"count":0,"href":"https:\/\/blogs.elnortedecastilla.es\/vicentealvarez\/wp-json\/wp\/v2\/posts\/131\/revisions"}],"wp:attachment":[{"href":"https:\/\/blogs.elnortedecastilla.es\/vicentealvarez\/wp-json\/wp\/v2\/media?parent=131"}],"wp:term":[{"taxonomy":"category","embeddable":true,"href":"https:\/\/blogs.elnortedecastilla.es\/vicentealvarez\/wp-json\/wp\/v2\/categories?post=131"},{"taxonomy":"post_tag","embeddable":true,"href":"https:\/\/blogs.elnortedecastilla.es\/vicentealvarez\/wp-json\/wp\/v2\/tags?post=131"}],"curies":[{"name":"wp","href":"https:\/\/api.w.org\/{rel}","templated":true}]}}