{"id":179,"date":"2007-07-15T23:32:00","date_gmt":"2007-07-15T23:32:00","guid":{"rendered":"http:\/\/blogs.elnortedecastilla.es\/vicentealvarez\/?p=179"},"modified":"2007-07-15T23:32:00","modified_gmt":"2007-07-15T23:32:00","slug":"elbicho-ii","status":"publish","type":"post","link":"https:\/\/blogs.elnortedecastilla.es\/vicentealvarez\/2007\/07\/15\/elbicho-ii\/","title":{"rendered":"ELBICHO II"},"content":{"rendered":"<p><IMG src=\"\/vicentealvarez\/files\/mini-elbicho.jpg\" width=\"150\" height=\"150\" class=\"imgcen\" \/><br \/>\nEst\u00e1n a punto de sacar al mercado su tercer disco que, en un alarde de originalidad, titular\u00e1n \u201celbicho VII\u201d y esperemos que confirmen las expectativas que tenemos puestas en ellos. Con \u201celbicho I\u201d sorprendieron a cr\u00edtica y p\u00fablico pero con \u201celbicho II\u201d fueron mucho m\u00e1s alla: su original e innovadora propuesta de flamenco fusi\u00f3n era una aut\u00e9ntica bomba que dinamitaba por los cuatro costados el ap\u00e1tico panorama discogr\u00e1fico espa\u00f1ol, entre otras cosas porque se alejaban de modas pasajeras y abrazaban la m\u00fasica de los 70, la de grandes dinosaurios del rock sinf\u00f3nico como King Crimson, Jethro Tull, Pink Floyd y, muy especialmente, Triana. Estos siete chicos bautizaron su m\u00fasica como \u201cflamenco apayao\u201d y como \u201cflamenco-rock-progresivo-psicotr\u00f3pico\u201d. Toma ya. En sus discos, de gran riqueza instrumental, encontramos una promiscuidad musical que raya lo desconcertante: huellas de jazz, de rock, de rumbas, de buler\u00edas, de m\u00fasica india y turca, de psicodelia, de ritmos afro, de hip-hop, de copla, de afro-beat, de rap, de m\u00fasicas del Zagreb, de m\u00fasicas del mundo centrifugadas con pasi\u00f3n y sentimiento. Es lo m\u00e1s sorprendente y estimulante que podemos encontrar en Espa\u00f1a: as\u00ed, junto a un grandioso tema instrumental de m\u00e1s de quince minutos, nos regalan canciones como \u201cLa Toba\u201d o \u201cDe rodillas\u201d que podr\u00edan haberlas firmado perfectamente los mejores Triana. Sus directos (en la Plaza de Toros de Laguna de Duero cortaron, no hace mucho, las dos orejas y el rabo) est\u00e1n llenos de energ\u00eda y, como en la mejor \u00e9poca del rock, de sentidas y original\u00edsimas improvisaciones. Son m\u00fasicos de raza. Ojal\u00e1 no sucumban a la asquerosa mercadotecnia que ahoga y deshonra a la m\u00fasica actual.<\/p>\n","protected":false},"excerpt":{"rendered":"<p>Est\u00e1n a punto de sacar al mercado su tercer disco que, en un alarde de originalidad, titular\u00e1n \u201celbicho VII\u201d y esperemos que confirmen las expectativas que tenemos puestas en ellos. Con \u201celbicho I\u201d sorprendieron a cr\u00edtica y p\u00fablico pero con \u201celbicho II\u201d fueron mucho m\u00e1s alla: su original e innovadora propuesta de flamenco fusi\u00f3n era [&hellip;]<\/p>\n","protected":false},"author":4,"featured_media":0,"comment_status":"open","ping_status":"closed","sticky":false,"template":"","format":"standard","meta":[],"categories":[6],"tags":[],"_links":{"self":[{"href":"https:\/\/blogs.elnortedecastilla.es\/vicentealvarez\/wp-json\/wp\/v2\/posts\/179"}],"collection":[{"href":"https:\/\/blogs.elnortedecastilla.es\/vicentealvarez\/wp-json\/wp\/v2\/posts"}],"about":[{"href":"https:\/\/blogs.elnortedecastilla.es\/vicentealvarez\/wp-json\/wp\/v2\/types\/post"}],"author":[{"embeddable":true,"href":"https:\/\/blogs.elnortedecastilla.es\/vicentealvarez\/wp-json\/wp\/v2\/users\/4"}],"replies":[{"embeddable":true,"href":"https:\/\/blogs.elnortedecastilla.es\/vicentealvarez\/wp-json\/wp\/v2\/comments?post=179"}],"version-history":[{"count":0,"href":"https:\/\/blogs.elnortedecastilla.es\/vicentealvarez\/wp-json\/wp\/v2\/posts\/179\/revisions"}],"wp:attachment":[{"href":"https:\/\/blogs.elnortedecastilla.es\/vicentealvarez\/wp-json\/wp\/v2\/media?parent=179"}],"wp:term":[{"taxonomy":"category","embeddable":true,"href":"https:\/\/blogs.elnortedecastilla.es\/vicentealvarez\/wp-json\/wp\/v2\/categories?post=179"},{"taxonomy":"post_tag","embeddable":true,"href":"https:\/\/blogs.elnortedecastilla.es\/vicentealvarez\/wp-json\/wp\/v2\/tags?post=179"}],"curies":[{"name":"wp","href":"https:\/\/api.w.org\/{rel}","templated":true}]}}