{"id":191,"date":"2007-08-05T23:54:00","date_gmt":"2007-08-05T23:54:00","guid":{"rendered":"http:\/\/blogs.elnortedecastilla.es\/vicentealvarez\/?p=191"},"modified":"2007-08-05T23:54:00","modified_gmt":"2007-08-05T23:54:00","slug":"on-the-beach","status":"publish","type":"post","link":"https:\/\/blogs.elnortedecastilla.es\/vicentealvarez\/2007\/08\/05\/on-the-beach\/","title":{"rendered":"ON THE BEACH"},"content":{"rendered":"<p><IMG class=imgcen height=150 src=\"\/vicentealvarez\/wp-content\/uploads\/sites\/3\" width=150><br \/>\nChris Rea forma parte de mi particular Sant\u00edsima Trinidad de la m\u00fasica (junto a Ian Anderson y Pat Metheny) y es, quiz\u00e1, el que m\u00e1s ha tocado mi corazoncito de poeta maldito y de rom\u00e1ntico <EM>loser demod\u00e9<\/EM>. \u201cOn the beach\u201d, uno de sus trabajos m\u00e1s celebrados (y el \u00fanico que consigui\u00f3 vender algo en Espa\u00f1a), es un disco que huele a verano, a playas paradis\u00edacas y a cielo limpio. A calma, delicadeza, serenidad y nostalgia. En \u00e9l nos reencontramos con su particular poes\u00eda, con su magistral dominio del slide, con una guitarra que llora con elegancia y con su personal\u00edsima voz met\u00e1lica, quebrada y rocosa. \u201cOn the beach\u201d es un cl\u00e1sico absoluto del pop, un disco triste, melanc\u00f3lico, tierno, \u00edntimo y muy especial que acostumbra a llevarme volando hasta Budapest (\u201chot nights in Budapest\u201d, que cantaba el viejo Aqualung), a un apartamento desmadrado donde no paraba de sonar la casete del gran Chris Rea, sin duda el m\u00fasico m\u00e1s injustamente olvidado de la historia, un guitarrista con alma de blues capaz de parir no menos de un centenar de obras maestras. Hace unos a\u00f1os, una mezcla de Jos\u00e9 Padilla de \u201cOn the beach\u201d se convirti\u00f3 en un \u00e9xito dance en Ibiza. No es ninguna casualidad, por supuesto, que Chris Rea me recuerde tambi\u00e9n a Ibiza.<\/p>\n","protected":false},"excerpt":{"rendered":"<p>Chris Rea forma parte de mi particular Sant\u00edsima Trinidad de la m\u00fasica (junto a Ian Anderson y Pat Metheny) y es, quiz\u00e1, el que m\u00e1s ha tocado mi corazoncito de poeta maldito y de rom\u00e1ntico loser demod\u00e9. \u201cOn the beach\u201d, uno de sus trabajos m\u00e1s celebrados (y el \u00fanico que consigui\u00f3 vender algo en Espa\u00f1a), [&hellip;]<\/p>\n","protected":false},"author":4,"featured_media":0,"comment_status":"open","ping_status":"closed","sticky":false,"template":"","format":"standard","meta":[],"categories":[6],"tags":[48],"_links":{"self":[{"href":"https:\/\/blogs.elnortedecastilla.es\/vicentealvarez\/wp-json\/wp\/v2\/posts\/191"}],"collection":[{"href":"https:\/\/blogs.elnortedecastilla.es\/vicentealvarez\/wp-json\/wp\/v2\/posts"}],"about":[{"href":"https:\/\/blogs.elnortedecastilla.es\/vicentealvarez\/wp-json\/wp\/v2\/types\/post"}],"author":[{"embeddable":true,"href":"https:\/\/blogs.elnortedecastilla.es\/vicentealvarez\/wp-json\/wp\/v2\/users\/4"}],"replies":[{"embeddable":true,"href":"https:\/\/blogs.elnortedecastilla.es\/vicentealvarez\/wp-json\/wp\/v2\/comments?post=191"}],"version-history":[{"count":0,"href":"https:\/\/blogs.elnortedecastilla.es\/vicentealvarez\/wp-json\/wp\/v2\/posts\/191\/revisions"}],"wp:attachment":[{"href":"https:\/\/blogs.elnortedecastilla.es\/vicentealvarez\/wp-json\/wp\/v2\/media?parent=191"}],"wp:term":[{"taxonomy":"category","embeddable":true,"href":"https:\/\/blogs.elnortedecastilla.es\/vicentealvarez\/wp-json\/wp\/v2\/categories?post=191"},{"taxonomy":"post_tag","embeddable":true,"href":"https:\/\/blogs.elnortedecastilla.es\/vicentealvarez\/wp-json\/wp\/v2\/tags?post=191"}],"curies":[{"name":"wp","href":"https:\/\/api.w.org\/{rel}","templated":true}]}}