{"id":194,"date":"2007-08-11T06:57:00","date_gmt":"2007-08-11T06:57:00","guid":{"rendered":"http:\/\/blogs.elnortedecastilla.es\/vicentealvarez\/?p=194"},"modified":"2007-08-11T06:57:00","modified_gmt":"2007-08-11T06:57:00","slug":"souvenir","status":"publish","type":"post","link":"https:\/\/blogs.elnortedecastilla.es\/vicentealvarez\/2007\/08\/11\/souvenir\/","title":{"rendered":"SOUVENIR"},"content":{"rendered":"<p><IMG src=\"\/vicentealvarez\/files\/mini-souvenir.jpg\" width=\"150\" height=\"150\" class=\"imgcen\" \/><br \/>\nPrimer trabajo en solitario del gur\u00fa del sonido-Ibiza, el (hasta hace unos pocos a\u00f1os) DJ residente de \u201cCaf\u00e9 del Mar\u201d y alma mater de los exitosos discos recopilatorios del m\u00edtico caf\u00e9 ibicenco desde donde se pueden contemplar los mejores atardeceres del mundo y escuchar una de las mejores m\u00fasicas de la actualidad. \u201cSouvenir\u201d es un \u00e1lbum repleto de las t\u00edpicas melod\u00edas crepusculares de chill-out que durante tantos a\u00f1os pinch\u00f3 Jos\u00e9 Padilla en el Caf\u00e9 del Mar. Un disco atestado de ritmos futuristas y funkys, de paisajes sonoros salpimentados con house mediterr\u00e1neo y resplandeciente: una prolongaci\u00f3n, en fin, de las personal\u00edsimas sesiones que, como DJ de prestigio internacional, Jos\u00e9 Padilla nos ha venido regalando en los \u00faltimos a\u00f1os, esa peculiar mezcla de chill, house, dub, downtempo, flamenco, bossanova y jazz. En palabras del propio m\u00fasico: \u201cme interesaba conseguir el efecto de grupos como Pink Floyd pero con texturas mediterr\u00e1neas\u201d. Un \u00e1lbum decididamente hermoso, dulce, espiritual, atestado de m\u00fasica luminosa y relajante. \u201cSouvenir\u201d huele a Ibiza, a sus playas paradis\u00edacas y a sus atardeceres \u00fanicos. No en vano, Jos\u00e9 Padilla es el principal embajador del sonido ibicenco, un artista post-dance de prestigio internacional y el impulsor principal de la escena chill-out. M\u00fasica ideal para los crepusculares tangos ad-lib de cintas rojas, culos perfectos y mariposas fosforescentes. Al menos, para recordarlos.<\/p>\n","protected":false},"excerpt":{"rendered":"<p>Primer trabajo en solitario del gur\u00fa del sonido-Ibiza, el (hasta hace unos pocos a\u00f1os) DJ residente de \u201cCaf\u00e9 del Mar\u201d y alma mater de los exitosos discos recopilatorios del m\u00edtico caf\u00e9 ibicenco desde donde se pueden contemplar los mejores atardeceres del mundo y escuchar una de las mejores m\u00fasicas de la actualidad. \u201cSouvenir\u201d es un [&hellip;]<\/p>\n","protected":false},"author":4,"featured_media":0,"comment_status":"open","ping_status":"closed","sticky":false,"template":"","format":"standard","meta":[],"categories":[6],"tags":[],"_links":{"self":[{"href":"https:\/\/blogs.elnortedecastilla.es\/vicentealvarez\/wp-json\/wp\/v2\/posts\/194"}],"collection":[{"href":"https:\/\/blogs.elnortedecastilla.es\/vicentealvarez\/wp-json\/wp\/v2\/posts"}],"about":[{"href":"https:\/\/blogs.elnortedecastilla.es\/vicentealvarez\/wp-json\/wp\/v2\/types\/post"}],"author":[{"embeddable":true,"href":"https:\/\/blogs.elnortedecastilla.es\/vicentealvarez\/wp-json\/wp\/v2\/users\/4"}],"replies":[{"embeddable":true,"href":"https:\/\/blogs.elnortedecastilla.es\/vicentealvarez\/wp-json\/wp\/v2\/comments?post=194"}],"version-history":[{"count":0,"href":"https:\/\/blogs.elnortedecastilla.es\/vicentealvarez\/wp-json\/wp\/v2\/posts\/194\/revisions"}],"wp:attachment":[{"href":"https:\/\/blogs.elnortedecastilla.es\/vicentealvarez\/wp-json\/wp\/v2\/media?parent=194"}],"wp:term":[{"taxonomy":"category","embeddable":true,"href":"https:\/\/blogs.elnortedecastilla.es\/vicentealvarez\/wp-json\/wp\/v2\/categories?post=194"},{"taxonomy":"post_tag","embeddable":true,"href":"https:\/\/blogs.elnortedecastilla.es\/vicentealvarez\/wp-json\/wp\/v2\/tags?post=194"}],"curies":[{"name":"wp","href":"https:\/\/api.w.org\/{rel}","templated":true}]}}