{"id":204,"date":"2007-08-27T17:41:00","date_gmt":"2007-08-27T17:41:00","guid":{"rendered":"http:\/\/blogs.elnortedecastilla.es\/vicentealvarez\/?p=204"},"modified":"2007-08-27T17:41:00","modified_gmt":"2007-08-27T17:41:00","slug":"cosas-hacer-antes-morir-o-que-picapiedra-van-a","status":"publish","type":"post","link":"https:\/\/blogs.elnortedecastilla.es\/vicentealvarez\/2007\/08\/27\/cosas-hacer-antes-morir-o-que-picapiedra-van-a\/","title":{"rendered":"COSAS QUE HACER ANTES DE MORIR O POR QU\u00c9 LOS PICAPIEDRA NO VAN A LA PLAYA"},"content":{"rendered":"<p>&#8211; Si no me besas ahora mismo me pongo a gritar.<br \/>\n&#8211; Rezas a no sabes qu\u00e9 ni a qui\u00e9n, pero rezas, y no sientes nostalgia de la vida que no tendr\u00e1s, porque para entonces habr\u00e1s muerto, y los muertos no sienten nada. Ni siquiera nostalgia.<br \/>\n&#8211; \u00bfMe has estado mirando mientras dorm\u00eda?<br \/>\n&#8211; Estoy enamorado, cl\u00e1sicamente enamorado, con el cl\u00e1sico marido que est\u00e1 a punto de aparecer y la cl\u00e1sica tristeza que llega cada vez que te marchas con \u00e9l, las l\u00e1grimas, los gritos y todo lo dem\u00e1s. Me he enamorado de ti. Y creo que el mundo es un poco menos malo porque existes.<br \/>\n&#8211; Ahora te apetecer\u00eda probar todas las drogas del mundo. Pero todas las drogas del mundo no cambiar\u00edan la sensaci\u00f3n de que tu vida ha sido un sue\u00f1o y est\u00e1s empezando a despertar.<br \/>\n&#8211; \u00bfQuieres saber por qu\u00e9 vomito? Vomito porque cuando ten\u00eda ocho a\u00f1os la que era mi mejor amiga fue diciendo por ah\u00ed que yo era una zorra. Vomito porque cuando ten\u00eda quince a\u00f1os no me invitaron a la \u00fanica fiesta a la que he querido ir en toda mi vida. Vomito porque a los diecisiete a\u00f1os tuve mi primer hijo y tuve que hacerme mayor a la fuerza. Y ya no me quedan sue\u00f1os. Y sin sue\u00f1os no se puede vivir.<br \/>\n<IMG src=\"\/vicentealvarez\/files\/mini-mi-vida-sin-mi.jpg\" width=\"450\" height=\"202\" class=\"imgcen\" \/><br \/>\n\u201cMi vida sin mi\u201d, una pel\u00edcula llena de hechizos normales como convertir sapos en coches y lagartijas en aviones. Una pel\u00edcula que te ense\u00f1a que morir no es tan f\u00e1cil como parece. Una pel\u00edcula con m\u00e9dicos que no miran a los ojos, peluqueras a las que les gusta Milli Vanilli y alegr\u00eda de vivir cuando ya est\u00e1s a un paso del abismo. Un prodigio de emotividad, belleza y reparadora amargura. Conmovedor, triste, melanc\u00f3lico y hermos\u00edsimo poema sobre la vida y la muerte. Me encant\u00f3 bailar contigo, no lo olvides.<\/p>\n","protected":false},"excerpt":{"rendered":"<p>&#8211; Si no me besas ahora mismo me pongo a gritar. &#8211; Rezas a no sabes qu\u00e9 ni a qui\u00e9n, pero rezas, y no sientes nostalgia de la vida que no tendr\u00e1s, porque para entonces habr\u00e1s muerto, y los muertos no sienten nada. Ni siquiera nostalgia. &#8211; \u00bfMe has estado mirando mientras dorm\u00eda? &#8211; Estoy [&hellip;]<\/p>\n","protected":false},"author":4,"featured_media":0,"comment_status":"open","ping_status":"closed","sticky":false,"template":"","format":"standard","meta":[],"categories":[2],"tags":[],"_links":{"self":[{"href":"https:\/\/blogs.elnortedecastilla.es\/vicentealvarez\/wp-json\/wp\/v2\/posts\/204"}],"collection":[{"href":"https:\/\/blogs.elnortedecastilla.es\/vicentealvarez\/wp-json\/wp\/v2\/posts"}],"about":[{"href":"https:\/\/blogs.elnortedecastilla.es\/vicentealvarez\/wp-json\/wp\/v2\/types\/post"}],"author":[{"embeddable":true,"href":"https:\/\/blogs.elnortedecastilla.es\/vicentealvarez\/wp-json\/wp\/v2\/users\/4"}],"replies":[{"embeddable":true,"href":"https:\/\/blogs.elnortedecastilla.es\/vicentealvarez\/wp-json\/wp\/v2\/comments?post=204"}],"version-history":[{"count":0,"href":"https:\/\/blogs.elnortedecastilla.es\/vicentealvarez\/wp-json\/wp\/v2\/posts\/204\/revisions"}],"wp:attachment":[{"href":"https:\/\/blogs.elnortedecastilla.es\/vicentealvarez\/wp-json\/wp\/v2\/media?parent=204"}],"wp:term":[{"taxonomy":"category","embeddable":true,"href":"https:\/\/blogs.elnortedecastilla.es\/vicentealvarez\/wp-json\/wp\/v2\/categories?post=204"},{"taxonomy":"post_tag","embeddable":true,"href":"https:\/\/blogs.elnortedecastilla.es\/vicentealvarez\/wp-json\/wp\/v2\/tags?post=204"}],"curies":[{"name":"wp","href":"https:\/\/api.w.org\/{rel}","templated":true}]}}