{"id":216,"date":"2007-09-13T19:37:00","date_gmt":"2007-09-13T19:37:00","guid":{"rendered":"http:\/\/blogs.elnortedecastilla.es\/vicentealvarez\/?p=216"},"modified":"2007-09-13T19:37:00","modified_gmt":"2007-09-13T19:37:00","slug":"sobre-fiestas-y-tradiciones","status":"publish","type":"post","link":"https:\/\/blogs.elnortedecastilla.es\/vicentealvarez\/2007\/09\/13\/sobre-fiestas-y-tradiciones\/","title":{"rendered":"SOBRE FIESTAS Y TRADICIONES"},"content":{"rendered":"<p><em>Publicado en El Norte de Castilla el 13 de septiembre de 2007<\/em><br \/>\nMe aburren las Ferias soberanamente. \u00bfQu\u00e9 me pasa, doctor? Lo peor de todo es que no se trata s\u00f3lo de aburrimiento. Tal vez por ello llevo un tiempo que necesito salir fuera de Valladolid, escaparme a sitios tranquilos, huir de la felicidad enga\u00f1osa de los que tienen que salir a divertirse obligatoriamente y de los que inundan la ciudad convirti\u00e9ndola en una especie de agobiante lata de sardinas. Por cierto, \u00bfd\u00f3nde est\u00e1 toda esa marabunta de gente el resto del a\u00f1o? Bien, no me hagan caso. Buscando la verdadera identidad de \u00c1lvaro Campos, Ricardo Reis, Bernardo Soares o Alberto Caeiro debo de estar perdi\u00e9ndome cosas realmente trascendentes en la particular historia de esta nuestra santa ciudad. Me entretengo est\u00fapidamente deletreando el nombre de alguien, tejiendo sombras de sus recuerdos o aprendiendo de memoria alg\u00fan poema de Fernando Pessoa (\u00abminha dor \u00e9 silenciosa e triste como a parte da praia onde o mar nao chega\u00bb) mientras dejo a un lado la inenarrable experiencia religiosa de pertenecer a una pe\u00f1a. Ya me lo dijo mi amigo el alien\u00edgena que el a\u00f1o pasado tuvo la ocurrencia de visitarnos a bordo de su nave espacial y que no par\u00f3 de alucinar con lo que vio durante aquellos gloriosos d\u00edas. Si hubiese regresado este a\u00f1o, sin duda habr\u00eda vuelto a sentir esa inolvidable sensaci\u00f3n de los zapatos pegados a un suelo te\u00f1ido del morado del calimocho, a ser atropellado por un carrito del Alimerka o a bailar al ritmo de la Partydance de las yogurinas vestidas con faldas de colegiala. Tal vez habr\u00eda participado en &#8216;la gran calvada&#8217;, aunque s\u00f3lo fuese por salir en el v\u00eddeo con el que amenaz\u00f3 el alcalde (que, todo sea dicho, est\u00e1 mucho m\u00e1s guapo abrazado a las mulatonas del Axe Tropical que entrando a todos los trapos que se le ponen por delante). Quiz\u00e1 habr\u00eda aplaudido el preg\u00f3n ol\u00edmpico pero, de paso, se habr\u00eda ciscado encima de las Olimpiadas de Pek\u00edn. Y habr\u00eda contribuido, sin duda, a entrar en el Libro Guinness de los R\u00e9cords besando a toda vallisoletana que se le hubiera puesto al alcance de sus morritos verdes (aunque al final demostramos ser menos besucones que los londinenses y el \u00fanico r\u00e9cord que tal vez logremos sea el de las fiestas m\u00e1s sucias de la historia). Todo eso habr\u00eda hecho mi amigo alien\u00edgena si hubiese vuelto a visitarnos en estas fechas. Y sospecho que no lo ha hecho para no tener que volver a asistir a esa cosita tan aborrecible del Toro de la Vega con la que nos torturan todos los a\u00f1os. Uno empieza a estar ya harto de que, est\u00e9s donde est\u00e9s, por muchos kil\u00f3metros que te separen de tu tierra, el \u00fanico protagonismo que alcanzamos en los medios escritos y audiovisuales de medio mundo es el de este salvaje espect\u00e1culo. Dicen los que lo defienden que forma parte de la tradici\u00f3n y no se dan cuenta de que ciertas tradiciones y espect\u00e1culos (como los autos de fe o el circo romano, por ejemplo) pasan a los libros de historia. Y all\u00ed est\u00e1n muy bien. Al menos nos ahorrar\u00edamos salir cada a\u00f1o en todas las televisiones y ver c\u00f3mo agreden a los periodistas que van a cubrir la noticia o c\u00f3mo insultan a los que el Toro de la Vega les parece repugnante. Pues eso. Que Pessoa tambi\u00e9n adoraba la tradici\u00f3n, aquella en la que los animales eran como dioses o, en su defecto, los dioses ten\u00edan cabezas de animales. Qu\u00e9 envidia.<\/p>\n","protected":false},"excerpt":{"rendered":"<p>Publicado en El Norte de Castilla el 13 de septiembre de 2007 Me aburren las Ferias soberanamente. \u00bfQu\u00e9 me pasa, doctor? Lo peor de todo es que no se trata s\u00f3lo de aburrimiento. Tal vez por ello llevo un tiempo que necesito salir fuera de Valladolid, escaparme a sitios tranquilos, huir de la felicidad enga\u00f1osa [&hellip;]<\/p>\n","protected":false},"author":4,"featured_media":0,"comment_status":"open","ping_status":"closed","sticky":false,"template":"","format":"standard","meta":[],"categories":[7],"tags":[],"_links":{"self":[{"href":"https:\/\/blogs.elnortedecastilla.es\/vicentealvarez\/wp-json\/wp\/v2\/posts\/216"}],"collection":[{"href":"https:\/\/blogs.elnortedecastilla.es\/vicentealvarez\/wp-json\/wp\/v2\/posts"}],"about":[{"href":"https:\/\/blogs.elnortedecastilla.es\/vicentealvarez\/wp-json\/wp\/v2\/types\/post"}],"author":[{"embeddable":true,"href":"https:\/\/blogs.elnortedecastilla.es\/vicentealvarez\/wp-json\/wp\/v2\/users\/4"}],"replies":[{"embeddable":true,"href":"https:\/\/blogs.elnortedecastilla.es\/vicentealvarez\/wp-json\/wp\/v2\/comments?post=216"}],"version-history":[{"count":0,"href":"https:\/\/blogs.elnortedecastilla.es\/vicentealvarez\/wp-json\/wp\/v2\/posts\/216\/revisions"}],"wp:attachment":[{"href":"https:\/\/blogs.elnortedecastilla.es\/vicentealvarez\/wp-json\/wp\/v2\/media?parent=216"}],"wp:term":[{"taxonomy":"category","embeddable":true,"href":"https:\/\/blogs.elnortedecastilla.es\/vicentealvarez\/wp-json\/wp\/v2\/categories?post=216"},{"taxonomy":"post_tag","embeddable":true,"href":"https:\/\/blogs.elnortedecastilla.es\/vicentealvarez\/wp-json\/wp\/v2\/tags?post=216"}],"curies":[{"name":"wp","href":"https:\/\/api.w.org\/{rel}","templated":true}]}}