{"id":223,"date":"2007-09-28T18:25:00","date_gmt":"2007-09-28T18:25:00","guid":{"rendered":"http:\/\/blogs.elnortedecastilla.es\/vicentealvarez\/?p=223"},"modified":"2007-09-28T18:25:00","modified_gmt":"2007-09-28T18:25:00","slug":"han-matado-al-tio-eddy-hijos-puta","status":"publish","type":"post","link":"https:\/\/blogs.elnortedecastilla.es\/vicentealvarez\/2007\/09\/28\/han-matado-al-tio-eddy-hijos-puta\/","title":{"rendered":"\u00a1HAN MATADO AL T\u00cdO EDDY, HIJOS DE PUTA!"},"content":{"rendered":"<p><IMG class=imgizqda height=255 src=\"\/\/blogs.elnortedecastilla.es\/\/vicentealvarez\/files\/mini-eddy.bmp.jpg\" width=300><br \/>\nSospecho que, como todos los a\u00f1os, el pr\u00f3ximo domingo me plantar\u00e9 delante del televisor durante seis horas y seguir\u00e9 el Campeonato del Mundo de Ciclismo. Y eso a pesar de que los cabrones de la UCI est\u00e1n haciendo todo lo posible para que cambie de opini\u00f3n. En los \u00faltimos a\u00f1os se han propuesto entre todos cargarse el ciclismo y lo est\u00e1n consiguiendo. La \u00faltima haza\u00f1a de estos capullos ha sido bajarse los pantalones ante el comit\u00e9 organizador del Mundial. Los alemanes que se han propuesto dar clases de moral y de limpieza a todo el mundo, vaya. Y la han cogido con Valverde. Al menos hasta que un juez ha dictaminado que lo de estos t\u00edos es de frenop\u00e1tico. Ahora, despu\u00e9s de abrirle la puerta definitivamente a Di Luca, van a por Paolo Bettini, el \u00fanico que ha tenido huevos de no firmar el c\u00f3digo \u00e9tico. Supongo que no parar\u00e1n hasta cargarse a los dos y a todo aquel que se ponga por delante. El \u00faltimo sacrilegio de estos hijos de puta es haber retirado la invitaci\u00f3n a algunos de los m\u00e1s grandes ciclistas de la historia como Altic, Bugno o el gran Eddy Merckx. Estos tipos no tienen verg\u00fcenza. Eddy Merckx en el mundo del ciclismo es Dios y ellos no son m\u00e1s que est\u00fapidas bolsas de basura andantes. Estoy indignado. Llevo mucho tiempo furioso con esta gentuza. Lo que m\u00e1s me gustar\u00eda es que el domingo Valverde o Bettini ganasen el oro y que el irland\u00e9s borracho o la jodida presidenta de la organizaci\u00f3n (una tipa que s\u00f3lo busca hacer carrera pol\u00edtica a costa de la lucha contra el doping) tuviesen que ponerles las medallas. Miento. Hay una cosa que me gustar\u00eda m\u00e1s. Si los ciclistas tuvieran un poco de dignidad (algo que han perdido hace tiempo, dej\u00e1ndose hacer de todo por estos tipejos siniestros), se negar\u00edan a correr el Mundial. Que al t\u00edo Eddy no se le puede humillar de esa forma. Que Eddy Merckx es la Historia del Ciclismo con may\u00fasculas. Mientras tanto, el tio Eddy no sale de su asombro y se ha limitado a exclamar: \u201cEst\u00e1n locos. Hay idiotas en todos los sitios. Tambi\u00e9n en Alemania\u201d. Es lo que tiene haberse convertido en los paranoicos paradigmas del deporte limpio. Claro que s\u00f3lo meten mano al ciclismo. Estos alemanes qu\u00e9 hipocritillas son. Pregunta inocente: \u00bfCu\u00e1ntos controles de sangre pasaron los futbolistas en el Mundial de f\u00fatbol del a\u00f1o pasado celebrado, mira t\u00fa qu\u00e9 casualidad, en Alemania? Una salchicha de Frankfurt para quien lo adivine. <\/p>\n","protected":false},"excerpt":{"rendered":"<p>Sospecho que, como todos los a\u00f1os, el pr\u00f3ximo domingo me plantar\u00e9 delante del televisor durante seis horas y seguir\u00e9 el Campeonato del Mundo de Ciclismo. Y eso a pesar de que los cabrones de la UCI est\u00e1n haciendo todo lo posible para que cambie de opini\u00f3n. En los \u00faltimos a\u00f1os se han propuesto entre todos [&hellip;]<\/p>\n","protected":false},"author":4,"featured_media":0,"comment_status":"open","ping_status":"closed","sticky":false,"template":"","format":"standard","meta":[],"categories":[3],"tags":[49],"_links":{"self":[{"href":"https:\/\/blogs.elnortedecastilla.es\/vicentealvarez\/wp-json\/wp\/v2\/posts\/223"}],"collection":[{"href":"https:\/\/blogs.elnortedecastilla.es\/vicentealvarez\/wp-json\/wp\/v2\/posts"}],"about":[{"href":"https:\/\/blogs.elnortedecastilla.es\/vicentealvarez\/wp-json\/wp\/v2\/types\/post"}],"author":[{"embeddable":true,"href":"https:\/\/blogs.elnortedecastilla.es\/vicentealvarez\/wp-json\/wp\/v2\/users\/4"}],"replies":[{"embeddable":true,"href":"https:\/\/blogs.elnortedecastilla.es\/vicentealvarez\/wp-json\/wp\/v2\/comments?post=223"}],"version-history":[{"count":0,"href":"https:\/\/blogs.elnortedecastilla.es\/vicentealvarez\/wp-json\/wp\/v2\/posts\/223\/revisions"}],"wp:attachment":[{"href":"https:\/\/blogs.elnortedecastilla.es\/vicentealvarez\/wp-json\/wp\/v2\/media?parent=223"}],"wp:term":[{"taxonomy":"category","embeddable":true,"href":"https:\/\/blogs.elnortedecastilla.es\/vicentealvarez\/wp-json\/wp\/v2\/categories?post=223"},{"taxonomy":"post_tag","embeddable":true,"href":"https:\/\/blogs.elnortedecastilla.es\/vicentealvarez\/wp-json\/wp\/v2\/tags?post=223"}],"curies":[{"name":"wp","href":"https:\/\/api.w.org\/{rel}","templated":true}]}}