{"id":225,"date":"2007-09-30T09:50:00","date_gmt":"2007-09-30T09:50:00","guid":{"rendered":"http:\/\/blogs.elnortedecastilla.es\/vicentealvarez\/?p=225"},"modified":"2007-09-30T09:50:00","modified_gmt":"2007-09-30T09:50:00","slug":"twin-peaks","status":"publish","type":"post","link":"https:\/\/blogs.elnortedecastilla.es\/vicentealvarez\/2007\/09\/30\/twin-peaks\/","title":{"rendered":"TWIN PEAKS"},"content":{"rendered":"<p><IMG src=\"\/vicentealvarez\/files\/twin-peaks-BSO.bmp.jpg\" width=\"150\" height=\"150\" class=\"imgcen\" \/><br \/>\nLas canciones de Twin Peaks me siguen poniendo los pelos de punta. Me resulta dif\u00edcil recordar una m\u00fasica con la que se me encoja tanto el alma. S\u00f3lo tengo que cerrar los ojos para volver a ver a Laura Palmer envuelta en un pl\u00e1stico. Todo el m\u00e9rito pertenece a Angelo Badalamenti, (habitual compositor de David Lynch) y a sus bellas melod\u00edas, a sus canciones surrealistas, preciosas y m\u00edsticas, luminosas y oscuras a la vez. Un disco con evidentes influencias jazzisticas, con un pronunciado ambiente a\u00f1os 50, trufado de glaciales y tortuosas melod\u00edas, tan enso\u00f1adoras como melanc\u00f3licas. Una m\u00fasica que contagia a la perfecci\u00f3n el misterio y el extra\u00f1o mundo, repleto de oscuros secretos, del peque\u00f1o pueblo de Twin Peaks. Las enormes ventas de la banda sonora contribuyeron tanto al \u00e9xito de la serie como el milim\u00e9trico gui\u00f3n, la atm\u00f3sfera on\u00edrica e irreal, la interpretaci\u00f3n perfecta y el inconcluso y sorprendente final. A la serrer\u00eda, a las monta\u00f1as o al bosque, les corresponde una m\u00fasica. Al enigma que rodea la muerte de Laura Palmer, otra muy distinta. A los sensuales bailes, otra m\u00e1s. Es el perfecto acompa\u00f1amiento musical (bello y desasosegante) a la mejor serie de la historia de la televisi\u00f3n. Una m\u00fasica tan hipn\u00f3tica como las im\u00e1genes que nos regal\u00f3 en su d\u00eda David Lynch. <\/p>\n","protected":false},"excerpt":{"rendered":"<p>Las canciones de Twin Peaks me siguen poniendo los pelos de punta. Me resulta dif\u00edcil recordar una m\u00fasica con la que se me encoja tanto el alma. S\u00f3lo tengo que cerrar los ojos para volver a ver a Laura Palmer envuelta en un pl\u00e1stico. Todo el m\u00e9rito pertenece a Angelo Badalamenti, (habitual compositor de David [&hellip;]<\/p>\n","protected":false},"author":4,"featured_media":0,"comment_status":"open","ping_status":"closed","sticky":false,"template":"","format":"standard","meta":[],"categories":[6],"tags":[],"_links":{"self":[{"href":"https:\/\/blogs.elnortedecastilla.es\/vicentealvarez\/wp-json\/wp\/v2\/posts\/225"}],"collection":[{"href":"https:\/\/blogs.elnortedecastilla.es\/vicentealvarez\/wp-json\/wp\/v2\/posts"}],"about":[{"href":"https:\/\/blogs.elnortedecastilla.es\/vicentealvarez\/wp-json\/wp\/v2\/types\/post"}],"author":[{"embeddable":true,"href":"https:\/\/blogs.elnortedecastilla.es\/vicentealvarez\/wp-json\/wp\/v2\/users\/4"}],"replies":[{"embeddable":true,"href":"https:\/\/blogs.elnortedecastilla.es\/vicentealvarez\/wp-json\/wp\/v2\/comments?post=225"}],"version-history":[{"count":0,"href":"https:\/\/blogs.elnortedecastilla.es\/vicentealvarez\/wp-json\/wp\/v2\/posts\/225\/revisions"}],"wp:attachment":[{"href":"https:\/\/blogs.elnortedecastilla.es\/vicentealvarez\/wp-json\/wp\/v2\/media?parent=225"}],"wp:term":[{"taxonomy":"category","embeddable":true,"href":"https:\/\/blogs.elnortedecastilla.es\/vicentealvarez\/wp-json\/wp\/v2\/categories?post=225"},{"taxonomy":"post_tag","embeddable":true,"href":"https:\/\/blogs.elnortedecastilla.es\/vicentealvarez\/wp-json\/wp\/v2\/tags?post=225"}],"curies":[{"name":"wp","href":"https:\/\/api.w.org\/{rel}","templated":true}]}}