{"id":231,"date":"2007-10-09T11:20:00","date_gmt":"2007-10-09T11:20:00","guid":{"rendered":"http:\/\/blogs.elnortedecastilla.es\/vicentealvarez\/?p=231"},"modified":"2007-10-09T11:20:00","modified_gmt":"2007-10-09T11:20:00","slug":"carta-ajuste","status":"publish","type":"post","link":"https:\/\/blogs.elnortedecastilla.es\/vicentealvarez\/2007\/10\/09\/carta-ajuste\/","title":{"rendered":"CARTA DE AJUSTE"},"content":{"rendered":"<p><IMG src=\"\/\/participacion.elnortedecastilla.es\/\/vicentealvarez\/files\/carta-de-ajuste.bmp\" width=\"384\" height=\"288\" class=\"imgcen\" \/><br \/>\nPor causas ajenas a mi voluntad y que tienen que ver, sobretodo, con las goteras de la edad y con la velocidad de este tren en el que me he subido, me veo obligado a suspender temporalmente este peque\u00f1o ciberdiario. Infinitas gracias a los que durante estos \u00faltimos meses se han pasado por aqu\u00ed y muchas m\u00e1s a los que han participado de manera activa. Espero regresar pronto. Tan s\u00f3lo necesito un poco de tiempo para resetearme el corazoncito y ajustar unos cuantos tornillos en la locomotora de mi cabeza. Prometo no tardar mucho en volverme a subir al tren.<\/p>\n<p>PD. \u00bfPensabais que os ibais a deshacer de m\u00ed tan pronto? Pues va a ser que no. Mientras la autoridad y las fuerzas lo permitan, seguir\u00e9 colgando la columna que publica \u201cEl Norte de Castilla\u201d todos los jueves. Quien avisa no es traidor.<\/p>\n","protected":false},"excerpt":{"rendered":"<p>Por causas ajenas a mi voluntad y que tienen que ver, sobretodo, con las goteras de la edad y con la velocidad de este tren en el que me he subido, me veo obligado a suspender temporalmente este peque\u00f1o ciberdiario. Infinitas gracias a los que durante estos \u00faltimos meses se han pasado por aqu\u00ed y [&hellip;]<\/p>\n","protected":false},"author":4,"featured_media":0,"comment_status":"open","ping_status":"closed","sticky":false,"template":"","format":"standard","meta":[],"categories":[3],"tags":[],"_links":{"self":[{"href":"https:\/\/blogs.elnortedecastilla.es\/vicentealvarez\/wp-json\/wp\/v2\/posts\/231"}],"collection":[{"href":"https:\/\/blogs.elnortedecastilla.es\/vicentealvarez\/wp-json\/wp\/v2\/posts"}],"about":[{"href":"https:\/\/blogs.elnortedecastilla.es\/vicentealvarez\/wp-json\/wp\/v2\/types\/post"}],"author":[{"embeddable":true,"href":"https:\/\/blogs.elnortedecastilla.es\/vicentealvarez\/wp-json\/wp\/v2\/users\/4"}],"replies":[{"embeddable":true,"href":"https:\/\/blogs.elnortedecastilla.es\/vicentealvarez\/wp-json\/wp\/v2\/comments?post=231"}],"version-history":[{"count":0,"href":"https:\/\/blogs.elnortedecastilla.es\/vicentealvarez\/wp-json\/wp\/v2\/posts\/231\/revisions"}],"wp:attachment":[{"href":"https:\/\/blogs.elnortedecastilla.es\/vicentealvarez\/wp-json\/wp\/v2\/media?parent=231"}],"wp:term":[{"taxonomy":"category","embeddable":true,"href":"https:\/\/blogs.elnortedecastilla.es\/vicentealvarez\/wp-json\/wp\/v2\/categories?post=231"},{"taxonomy":"post_tag","embeddable":true,"href":"https:\/\/blogs.elnortedecastilla.es\/vicentealvarez\/wp-json\/wp\/v2\/tags?post=231"}],"curies":[{"name":"wp","href":"https:\/\/api.w.org\/{rel}","templated":true}]}}