{"id":233,"date":"2007-10-18T20:32:00","date_gmt":"2007-10-18T20:32:00","guid":{"rendered":"http:\/\/blogs.elnortedecastilla.es\/vicentealvarez\/?p=233"},"modified":"2007-10-18T20:32:00","modified_gmt":"2007-10-18T20:32:00","slug":"la-bomba-gay","status":"publish","type":"post","link":"https:\/\/blogs.elnortedecastilla.es\/vicentealvarez\/2007\/10\/18\/la-bomba-gay\/","title":{"rendered":"LA BOMBA GAY"},"content":{"rendered":"<p><IMG class=imgizqda height=220 src=\"\/vicentealvarez\/wp-content\/uploads\/sites\/3\" width=250><EM>Publicado en El Norte de Castilla el 18 de octubre de 2007<\/EM><br \/>\nImagino que si yo fuese un tipo serio tendr\u00eda que decir algo sobre el premio Nobel de Literatura concedido a la ejemplar Doris Lessing; o sobre los discriminatorios presupuestos regionales para el 2008 (que, dicho sea de paso, deber\u00edan de hacer reflexionar a los que tanto hablan de centralismo vallisoletano); o sobre la imparable subida del barril de petr\u00f3leo; o sobre la inminencia del gran acontecimiento cultural de esta ciudad, la Seminci; o sobre el refer\u00e9ndum de Ibarretxe. Y, claro, tendr\u00eda que decir algo sobre el tema m\u00e1s importante y trascendental de los \u00faltimos tiempos: \u00bfdeber\u00eda de ir Ra\u00fal a la selecci\u00f3n? No entiendo c\u00f3mo todav\u00eda no se han levantado barricadas en mitad de la Puerta del Sol, c\u00f3mo no han volado la cabeza de los leones del Congreso o c\u00f3mo el soso de ZP no ha mandado fusilar al seleccionador. Desde luego, si dependiese de algunos periodistas deportivos, convertidos en &#8216;paparazzis&#8217; de la peor cala\u00f1a, en &#8216;hooligans&#8217; con m\u00e1quina de escribir, la sangre ya habr\u00eda llegado al r\u00edo. Yo es que todav\u00eda ando noqueado con el titular de un peri\u00f3dico deportivo de Madrid. &#8216;Ninguno quiere el 7&#8217;, dec\u00eda haciendo referencia a la negativa de los jugadores a ponerse el &#8216;7&#8217; del inigualable Ra\u00fal. Deber\u00edan decir el &#8216;7&#8217; de Villa, digo yo. Ya en su d\u00eda tuvo que salir el Guaje a decir que el &#8216;7&#8217; no era propiedad de Ra\u00fal. Y ahora la historia se vuelve a repetir. Lo bueno es que, al final, otro Ra\u00fal apag\u00f3 el fuego e hizo callar a tantos incendiarios y pesados soplagaitas. Otro Ra\u00fal un mill\u00f3n de veces mejor, por cierto. Claro que Tamudo s\u00f3lo juega en el modesto Espa\u00f1ol. <\/p>\n<p>Deber\u00eda de hablar de tantas y tantas cosas trascendentales, dec\u00eda. Pero como a veces soy un petardo hoy me apetece escribir sobre la bomba gay (que no es Boris Izaguirre, por cierto): una de las estrellas de los Premios Anti-Nobel que acaban de ser concedidos en una solemne ceremonia celebrada en la Universidad de Harvard. Por ejemplo el de Ling\u00fc\u00edstica ha reca\u00eddo sobre un estudio que demuestra que las ratas a veces no distinguen entre el japon\u00e9s y el holand\u00e9s cuando las personas hablan esas lenguas al rev\u00e9s; el de F\u00edsica sobre un estudio sobre c\u00f3mo se arrugan las s\u00e1banas; el de Biolog\u00eda sobre un censo realizado a los \u00e1caros, ara\u00f1as, crust\u00e1ceos, bacterias, algas, helechos y hongos que residen en nuestras camas; y el de Medicina sobre un an\u00e1lisis de los efectos secundarios de introducirse espadas por la garganta: los cient\u00edficos premiados llegaron a la desasosegante e incre\u00edble conclusi\u00f3n de que dicha pr\u00e1ctica ocasiona irritaciones. De todas formas, el premio que m\u00e1s me ha entusiasmado es el de la Paz, que ha ido a parar al Laboratorio Wright de la Fuerza A\u00e9rea de EE.UU. por desarrollar una bomba qu\u00edmica, denominada &#8216;bomba gay&#8217;, que supuestamente provocar\u00eda el que los soldados de uno y otro bando se sintieran atra\u00eddos sexualmente de forma irremediable. Sodoma y Gomorra en plenitud. Ya saben: una bomba gay en cualquier sitio conflictivo de Oriente Medio y, al instante, marines y talibanes saliendo de sus trincheras para amarse brutal y lascivamente al ritmo de Village People. Bush y Bin Landen comi\u00e9ndose la boca y otras cosas. Zapatero y Rajoy, en fin, haci\u00e9ndose caranto\u00f1as por las esquinas y susurr\u00e1ndose al o\u00eddo: \u00abB\u00e9same, b\u00e9same mucho, como si fuese esta noche la \u00faltima vez\u00bb. Qu\u00e9 bonito es el amor. Que patenten de inmediato esa bomba, \u00a1por Dios!<\/p>\n","protected":false},"excerpt":{"rendered":"<p>Publicado en El Norte de Castilla el 18 de octubre de 2007 Imagino que si yo fuese un tipo serio tendr\u00eda que decir algo sobre el premio Nobel de Literatura concedido a la ejemplar Doris Lessing; o sobre los discriminatorios presupuestos regionales para el 2008 (que, dicho sea de paso, deber\u00edan de hacer reflexionar a [&hellip;]<\/p>\n","protected":false},"author":4,"featured_media":0,"comment_status":"open","ping_status":"closed","sticky":false,"template":"","format":"standard","meta":[],"categories":[7],"tags":[28],"_links":{"self":[{"href":"https:\/\/blogs.elnortedecastilla.es\/vicentealvarez\/wp-json\/wp\/v2\/posts\/233"}],"collection":[{"href":"https:\/\/blogs.elnortedecastilla.es\/vicentealvarez\/wp-json\/wp\/v2\/posts"}],"about":[{"href":"https:\/\/blogs.elnortedecastilla.es\/vicentealvarez\/wp-json\/wp\/v2\/types\/post"}],"author":[{"embeddable":true,"href":"https:\/\/blogs.elnortedecastilla.es\/vicentealvarez\/wp-json\/wp\/v2\/users\/4"}],"replies":[{"embeddable":true,"href":"https:\/\/blogs.elnortedecastilla.es\/vicentealvarez\/wp-json\/wp\/v2\/comments?post=233"}],"version-history":[{"count":0,"href":"https:\/\/blogs.elnortedecastilla.es\/vicentealvarez\/wp-json\/wp\/v2\/posts\/233\/revisions"}],"wp:attachment":[{"href":"https:\/\/blogs.elnortedecastilla.es\/vicentealvarez\/wp-json\/wp\/v2\/media?parent=233"}],"wp:term":[{"taxonomy":"category","embeddable":true,"href":"https:\/\/blogs.elnortedecastilla.es\/vicentealvarez\/wp-json\/wp\/v2\/categories?post=233"},{"taxonomy":"post_tag","embeddable":true,"href":"https:\/\/blogs.elnortedecastilla.es\/vicentealvarez\/wp-json\/wp\/v2\/tags?post=233"}],"curies":[{"name":"wp","href":"https:\/\/api.w.org\/{rel}","templated":true}]}}