{"id":234,"date":"2007-10-21T20:41:00","date_gmt":"2007-10-21T20:41:00","guid":{"rendered":"http:\/\/blogs.elnortedecastilla.es\/vicentealvarez\/?p=234"},"modified":"2007-10-21T20:41:00","modified_gmt":"2007-10-21T20:41:00","slug":"lo-no-va-lagrimas-va-suspiros","status":"publish","type":"post","link":"https:\/\/blogs.elnortedecastilla.es\/vicentealvarez\/2007\/10\/21\/lo-no-va-lagrimas-va-suspiros\/","title":{"rendered":"LO QUE NO VA EN L\u00c1GRIMAS VA EN SUSPIROS"},"content":{"rendered":"<p><IMG src=\"\/vicentealvarez\/files\/delibes.jpg\" width=\"200\" height=\"327\" class=\"imgizqda\" \/><em>Publicado en El Norte de Castilla con motivo del Congreso Internacional &#8220;Cruzando fronteras: Miguel Delibes entre lo local y lo universal&#8221;<\/em><br \/>\nCuando a Delibes le preguntaron por la versi\u00f3n cinematogr\u00e1fica de Los santos inocentes coment\u00f3 que Mario Camus hab\u00eda logrado una excelente pel\u00edcula. El periodista, sorprendido con la aceptaci\u00f3n entusiasta del autor, algo no habitual en el siempre complicado matrimonio literatura-cine, insisti\u00f3 en el hecho com\u00fanmente aceptado de que las novelas siempre pierden al ser llevadas al cine. Un humilde Delibes contest\u00f3: \u201cNo estoy nada de acuerdo. Hay otros matices de luz, de amaneceres y de atardeceres en Los santos inocentes, por ejemplo, que en el libro no los veo. Se cambian unos matices por otros matices. Yo parto de la base de que son manifestaciones art\u00edsticas diferentes y creo que lo que no va en l\u00e1grimas va en suspiros\u201d. Este es el Delibes que me engancha. El mismo que se cans\u00f3 de rechazar los cantos de sirena que le llegaban desde los olimpos sagrados de la literatura, de torear con elegancia a los mercaderes que le intentaban engatusar con Premios Literarios exorbitantes, el que prefiri\u00f3 permanecer en su Valladolid de plata y nieblas antes de enfangarse en los influyentes cen\u00e1culos literarios de Madrid o Barcelona. Tambi\u00e9n me seduce el Delibes poseedor de una lengua \u00e1rida, \u00e1spera y hermosa como las suites para violonchelo de Bach. El Delibes enamorado eternamente de Pucela. El Delibes que, cuando m\u00e1s arreciaban las cr\u00edticas de los gur\u00fas de la literatura contra la novela hist\u00f3rica, se saca de la manga El Hereje. El Delibes defensor del mundo que agoniza; y tambi\u00e9n de la igualdad, la justicia y los derechos humanos. Delibes es un novelista de personajes, es un pu\u00f1ado de im\u00e1genes que, desde la sala oscura del cinemat\u00f3grafo, nos acercan a su obra, es Azar\u00edas y su Milana bonita, es Alfredo Landa con los ojos sali\u00e9ndosele de las \u00f3rbitas, llorosos e inolvidables; es Lola Herrera velando a Mario; Delibes es alguien que necesita el cielo de Castilla para decorar sus novelas, es el caricaturista Max de \u201cEl Norte de Castilla\u201d, es la sombra de \u00c1ngeles, su particular y eterna Julieta, es la fidelidad a un editor, a unas ideas, a su gente, a su cuna. Delibes es el que acert\u00f3 a pintar Castilla, es el creador del admirable mecanismo formal que ilumina Los santos inocentes, es la conciencia que nos recuerda que la Madre Naturaleza est\u00e1 siendo maltratada, es el gran prestidigitador de m\u00e1scaras y personajes, y es, en fin, el que me ense\u00f1\u00f3 que el contar una historia es la esencia de la novela: un hombre, un paisaje, una pasi\u00f3n. No necesitamos m\u00e1s para escribir una novela. Miguel Delibes es todo eso y mucho m\u00e1s, pero sobre todo, para m\u00ed, Delibes es el que me descubri\u00f3 la literatura cuando yo ni siquiera sab\u00eda lo que era la literatura. Ten\u00eda doce a\u00f1os y hab\u00eda aprendido a leer con el Capit\u00e1n Trueno. Tan s\u00f3lo alg\u00fan ejemplar ilustrado de la vieja Bruguera me hab\u00eda acercado a los cl\u00e1sicos juveniles. Fue entonces cuando apareci\u00f3 en mi vida una profesora de literatura. Era joven y guapa. Tal vez, mi primer amor plat\u00f3nico. Ella me oblig\u00f3 a leer mi primer libro \u201cserio\u201d: El camino, de Miguel Delibes. Y, desde entonces, Daniel el Mochuelo se convirti\u00f3 en mi amigo del alma. Sospecho que yo tambi\u00e9n me hice mayor a golpes, al igual que Daniel ante el cad\u00e1ver de Germ\u00e1n el Ti\u00f1oso. Daniel vel\u00f3 al amigo muerto para dejar de ser ni\u00f1o y yo me com\u00ed a pedazos El camino para dejar atr\u00e1s al Capit\u00e1n Trueno y entrar por la puerta grande en el palacio fastuoso y deslumbrante de la Literatura con may\u00fasculas. Y, al igual que Daniel el Mochuelo, yo tambi\u00e9n he constatado que el amor y la muerte llegan a traici\u00f3n.<\/p>\n","protected":false},"excerpt":{"rendered":"<p>Publicado en El Norte de Castilla con motivo del Congreso Internacional &#8220;Cruzando fronteras: Miguel Delibes entre lo local y lo universal&#8221; Cuando a Delibes le preguntaron por la versi\u00f3n cinematogr\u00e1fica de Los santos inocentes coment\u00f3 que Mario Camus hab\u00eda logrado una excelente pel\u00edcula. El periodista, sorprendido con la aceptaci\u00f3n entusiasta del autor, algo no habitual [&hellip;]<\/p>\n","protected":false},"author":4,"featured_media":0,"comment_status":"open","ping_status":"closed","sticky":false,"template":"","format":"standard","meta":[],"categories":[7],"tags":[],"_links":{"self":[{"href":"https:\/\/blogs.elnortedecastilla.es\/vicentealvarez\/wp-json\/wp\/v2\/posts\/234"}],"collection":[{"href":"https:\/\/blogs.elnortedecastilla.es\/vicentealvarez\/wp-json\/wp\/v2\/posts"}],"about":[{"href":"https:\/\/blogs.elnortedecastilla.es\/vicentealvarez\/wp-json\/wp\/v2\/types\/post"}],"author":[{"embeddable":true,"href":"https:\/\/blogs.elnortedecastilla.es\/vicentealvarez\/wp-json\/wp\/v2\/users\/4"}],"replies":[{"embeddable":true,"href":"https:\/\/blogs.elnortedecastilla.es\/vicentealvarez\/wp-json\/wp\/v2\/comments?post=234"}],"version-history":[{"count":0,"href":"https:\/\/blogs.elnortedecastilla.es\/vicentealvarez\/wp-json\/wp\/v2\/posts\/234\/revisions"}],"wp:attachment":[{"href":"https:\/\/blogs.elnortedecastilla.es\/vicentealvarez\/wp-json\/wp\/v2\/media?parent=234"}],"wp:term":[{"taxonomy":"category","embeddable":true,"href":"https:\/\/blogs.elnortedecastilla.es\/vicentealvarez\/wp-json\/wp\/v2\/categories?post=234"},{"taxonomy":"post_tag","embeddable":true,"href":"https:\/\/blogs.elnortedecastilla.es\/vicentealvarez\/wp-json\/wp\/v2\/tags?post=234"}],"curies":[{"name":"wp","href":"https:\/\/api.w.org\/{rel}","templated":true}]}}