{"id":235,"date":"2007-10-25T17:49:00","date_gmt":"2007-10-25T17:49:00","guid":{"rendered":"http:\/\/blogs.elnortedecastilla.es\/vicentealvarez\/?p=235"},"modified":"2007-10-25T17:49:00","modified_gmt":"2007-10-25T17:49:00","slug":"como-te-digo-co-te-digo-o","status":"publish","type":"post","link":"https:\/\/blogs.elnortedecastilla.es\/vicentealvarez\/2007\/10\/25\/como-te-digo-co-te-digo-o\/","title":{"rendered":"COMO TE DIGO UNA &#8220;CO&#8221; TE DIGO LA &#8220;O&#8221;"},"content":{"rendered":"<p><IMG src=\"\/vicentealvarez\/files\/carod1.jpg\" width=\"230\" height=\"310\" class=\"imgizqda\" \/><em>Publicado en El Norte de Castilla el 25 de octubre de 2007<\/em><br \/>\nHa pasado m\u00e1s de una semana pero durante todo este tiempo he tenido curiosidad y paciencia para empaparme de las reacciones provocadas por la actuaci\u00f3n estelar de Carod-Rovira en el programa &#8216;Tengo una pregunta para usted&#8217; y, muy especialmente, las referidas a la intervenci\u00f3n de dos vallisoletanos que acabaron convirti\u00e9ndose en protagonistas al insistir en dirigirse al pol\u00edtico catal\u00e1n llam\u00e1ndole Jos\u00e9 Lu\u00eds. Yo lo tengo muy claro al respecto y, por supuesto, no me siento representado por esos dos pucelanos. Les guste o no les guste a muchas personas, el se\u00f1or Carod-Rovira se llama Josep Llu\u00eds y su deseo es que todo el mundo le llame Josep Llu\u00eds (igual que pod\u00eda ser su deseo el que le llamaran Pocholo o Popeye). El que alguien se dirija a \u00e9l bautiz\u00e1ndole de una forma distinta me parece una falta de respeto. Y en este caso resulta evidente que ambas personas lo hicieron con intenci\u00f3n de ofender: en caso contrario hubiera sido muy sencillo rectificar y no decir tonter\u00edas como que no sab\u00edan catal\u00e1n. No hay que saber catal\u00e1n para llamar a la gente por su nombre, como no hace falta saber ingl\u00e9s para llamar por su nombre a William Shakespeare. Para rematar la faena, la segunda protagonista, tambi\u00e9n pucelana, vaya por Dios, manifest\u00f3 un total y absoluto desprecio por la lengua catalana. Creo que no cuesta tanto respetar todos los idiomas y hacer un peque\u00f1o esfuerzo entre todos. Y si a George Clooney o a Richard Gere no les llamamos Jorge o Ricardo, no entiendo por qu\u00e9 nos molesta llamar a Carod-Rovira Josep Llu\u00eds. He o\u00eddo torpes argumentos para rebatir esto. Los dos principales son que Carod es aragon\u00e9s y se apellida V\u00e9lez (como si es de Camer\u00fan y se apellida Etoo: \u00e9l se siente catal\u00e1n y desea que le llamen Josep Llu\u00eds) y el otro remite a la tonter\u00eda de que no decimos New York o London, sino Nueva York o Londres. Este tema dar\u00eda para hablar mucho. En la RAE no se ponen de acuerdo pero los ex\u00f3nimos cada vez tienen m\u00e1s mala prensa y actualmente se acepta que tan s\u00f3lo los top\u00f3nimos m\u00e1s extendidos en cada lengua sean traducidos, siempre y cuando se respete en la medida de lo posible el nombre en el idioma original. No tiene nada que ver, en todo caso, con la pol\u00e9mica sobre los nombres. Otra cosa es que Carod diese, como casi siempre, una imagen lamentable: antip\u00e1tico, malhumorado, soberbio, bronco e inmensamente hip\u00f3crita. Comprendo que se moleste porque le castellanicen el nombre pero olvida que \u00e9l no deja de hacer lo mismo de forma continua, que habla de Joan Carles de Borb\u00f3 y que defiende el catalanizar todos los nombres castellanos. El respeto que pide \u00e9l para la lengua catalana es el que no tiene para la castellana: \u00e9l puede traducir los nombres que le d\u00e9 la gana, multar a comerciantes que rotulen en castellano o darse un garbeo por el Paseo Joan de Borb\u00f3. Muchos son los que han estudiado en centros de Catalu\u00f1a y, a su pesar, han visto como han catalanizado sus nombres. Eso lo defiende Carod, un provocador agresivo que no hace ning\u00fan bien a Catalu\u00f1a. Pues eso, que como te digo una &#8216;co&#8217; te digo la &#8216;o&#8217;. Que me exasperan los nacionalismos. Que los veo rid\u00edculos, fascistoides y anacr\u00f3nicos. Lo catal\u00e1n irrita a los nacionalistas espa\u00f1oles como lo espa\u00f1ol a los nacionalistas catalanes. A m\u00ed me encantar\u00eda que ambos se fuesen a fre\u00edr pu\u00f1etas y nos dejaran a los dem\u00e1s vivir en paz. Ah, por cierto, el mismo d\u00eda en el que los foros echaban chispas y, en la mayor\u00eda de ellos, los vallisoletanos no sal\u00edamos muy bien parados se celebraba el cumplea\u00f1os de Miguel Delibes. Mira t\u00fa qu\u00e9 casualidad. Podemos ser protagonistas a nivel nacional con paisanos verdaderamente relevantes.<\/p>\n","protected":false},"excerpt":{"rendered":"<p>Publicado en El Norte de Castilla el 25 de octubre de 2007 Ha pasado m\u00e1s de una semana pero durante todo este tiempo he tenido curiosidad y paciencia para empaparme de las reacciones provocadas por la actuaci\u00f3n estelar de Carod-Rovira en el programa &#8216;Tengo una pregunta para usted&#8217; y, muy especialmente, las referidas a la [&hellip;]<\/p>\n","protected":false},"author":4,"featured_media":0,"comment_status":"open","ping_status":"closed","sticky":false,"template":"","format":"standard","meta":[],"categories":[7],"tags":[],"_links":{"self":[{"href":"https:\/\/blogs.elnortedecastilla.es\/vicentealvarez\/wp-json\/wp\/v2\/posts\/235"}],"collection":[{"href":"https:\/\/blogs.elnortedecastilla.es\/vicentealvarez\/wp-json\/wp\/v2\/posts"}],"about":[{"href":"https:\/\/blogs.elnortedecastilla.es\/vicentealvarez\/wp-json\/wp\/v2\/types\/post"}],"author":[{"embeddable":true,"href":"https:\/\/blogs.elnortedecastilla.es\/vicentealvarez\/wp-json\/wp\/v2\/users\/4"}],"replies":[{"embeddable":true,"href":"https:\/\/blogs.elnortedecastilla.es\/vicentealvarez\/wp-json\/wp\/v2\/comments?post=235"}],"version-history":[{"count":0,"href":"https:\/\/blogs.elnortedecastilla.es\/vicentealvarez\/wp-json\/wp\/v2\/posts\/235\/revisions"}],"wp:attachment":[{"href":"https:\/\/blogs.elnortedecastilla.es\/vicentealvarez\/wp-json\/wp\/v2\/media?parent=235"}],"wp:term":[{"taxonomy":"category","embeddable":true,"href":"https:\/\/blogs.elnortedecastilla.es\/vicentealvarez\/wp-json\/wp\/v2\/categories?post=235"},{"taxonomy":"post_tag","embeddable":true,"href":"https:\/\/blogs.elnortedecastilla.es\/vicentealvarez\/wp-json\/wp\/v2\/tags?post=235"}],"curies":[{"name":"wp","href":"https:\/\/api.w.org\/{rel}","templated":true}]}}