{"id":237,"date":"2007-10-29T09:56:00","date_gmt":"2007-10-29T09:56:00","guid":{"rendered":"http:\/\/blogs.elnortedecastilla.es\/vicentealvarez\/?p=237"},"modified":"2007-10-29T09:56:00","modified_gmt":"2007-10-29T09:56:00","slug":"caminos-ida-y-vuelta","status":"publish","type":"post","link":"https:\/\/blogs.elnortedecastilla.es\/vicentealvarez\/2007\/10\/29\/caminos-ida-y-vuelta\/","title":{"rendered":"CAMINOS DE IDA Y VUELTA"},"content":{"rendered":"<p><IMG src=\"\/vicentealvarez\/files\/logo-130.jpg\" width=\"130\" height=\"120\" class=\"imgizqda\" \/><em>Publicado en El Norte de Castilla con motivo de la 52 Semana Internacional de Cine de Valladolid<\/em><br \/>\nUna de las noticias que m\u00e1s me ilusion\u00f3 al conocer el programa definitivo de la Seminci fue la presencia del pol\u00e9mico y genial Lars Von Trier en la secci\u00f3n oficial. Pronto descubr\u00ed que el revolucionario dan\u00e9s acud\u00eda a Valladolid con un cortometraje. \u00bfQu\u00e9 extra\u00f1os mecanismos pueden llevar a uno de los directores de cine m\u00e1s grandes y respetados del mundo a presentarse en una secci\u00f3n oficial con un corto de tres minutos? Trat\u00e1ndose de Von Trier, nadie deber\u00eda de extra\u00f1arse. Lo que ocurre es que hechos de este tipo se repiten cada vez con mayor frecuencia. Antes, el mundo del cine era una especie de carrera acad\u00e9mica en la que los autores quemaban etapas hasta llegar al destino definitivo (rodar un largometraje), un camino y un proceso del que no sal\u00edan y que no ten\u00eda vuelta atr\u00e1s. Es m\u00e1s, el regresar al corto o a la TV, era algo que estaba visto como prueba de fracaso. Ahora, sin embargo, ocurre casi lo contrario. A los nuevos directores no se les caen los anillos por desandar el camino y regresar a sus or\u00edgenes. Algo que me hace pensar que la vitalidad y el futuro del mundo del cine est\u00e1 mucho m\u00e1s garantizado de lo que la gente piensa. Ya s\u00e9 que durante toda la vida han existido directores que, puntualmente, trabajaban en publicidad o realizaban algunos encargos alimenticios, caso del \u00faltimo Scorsese seducido por las burbujitas de Freixenet. Pero eso no tiene nada que ver con lo que hablamos. Los nuevos artistas parecen dispuestos a apostar, a no acomodarse, a trabajar con formatos muy distintos, a probar nuevas cosas. Y ya no s\u00f3lo hablamos de gente como Von Trier, Greeenaway o David Lynch, trastornados geniales que exploran muchos mundos, entre otras cosas porque su extrema genialidad (tantas veces incomprendida) no les permite, as\u00ed como as\u00ed, encontrar productores convencionales para sus creaciones. James Cameron, por ejemplo, tras conseguir once oscars por Titanic, sorprendi\u00f3 a todo el mundo con la noticia de que su siguiente proyecto ser\u00eda una serie televisiva (Dark Angel) a la que le dedic\u00f3 los siguientes a\u00f1os de su vida. S\u00e1nchez Ar\u00e9valo, a pesar de \u201cAzuloscurocasinegro\u201d, ha declarado su intenci\u00f3n de seguir trabajando en cortos. Achero Ma\u00f1as, tras el espectacular \u00e9xito de \u201cEl bola\u201d, nos regal\u00f3 un falso documental sobre un grupo de teatro (la maravillosa y poco reconocida \u201cNoviembre\u201d) y, como fin del viaje al rev\u00e9s, su siguiente trabajo ha sido un documental sobre el conflicto del Ulster. Los ejemplos son incontables. Artistas que triunfan en el cine y que no tienen ning\u00fan problema en regresar al mundo del corto, rodar documentales o trabajar en series de televisi\u00f3n (en EEUU, gracias al boom espectacular de las series, los casos se suceden con alucinante asiduidad: el mismo Tarantino se ofreci\u00f3, no hace mucho, a escribir y dirigir un cap\u00edtulo de CSI). Lars Von Trier no pod\u00eda ser menos. El autor m\u00e1s trasgresor del cine moderno, el te\u00f3rico de la insurrecci\u00f3n, el que nos ense\u00f1\u00f3 que se pod\u00eda hacer gran cine con una c\u00e1mara de v\u00eddeo, el profeta de sangre vikinga nos invita, con \u201cOccupations\u201d, a una pildorita de mala leche. Hasta ayer era una de las cosas que m\u00e1s me atra\u00edan de ver. Ahora, con la visita de Sof\u00eda Loren lo tengo claro. As\u00ed que, Frugone, an\u00edmate y tr\u00e1eme de una vez a Sophie Marceau.<br \/>\nPD. Y de regalo, &#8220;Occupations&#8221;, para que todos los cr\u00edticos de cine tiemblen de miedo con el temperamental cineasta dan\u00e9s.<br \/>\n<object width=\"425\" height=\"355\"><param name=\"movie\" value=\"http:\/\/www.youtube.com\/v\/NbJ-WpLdB8k&#038;rel=1\"><\/param><param name=\"wmode\" value=\"transparent\"><\/param><embed src=\"\/\/www.youtube.com\/v\/NbJ-WpLdB8k&#038;rel=1\" type=\"application\/x-shockwave-flash\" wmode=\"transparent\" width=\"425\" height=\"355\"><\/embed><\/object><\/p>\n","protected":false},"excerpt":{"rendered":"<p>Publicado en El Norte de Castilla con motivo de la 52 Semana Internacional de Cine de Valladolid Una de las noticias que m\u00e1s me ilusion\u00f3 al conocer el programa definitivo de la Seminci fue la presencia del pol\u00e9mico y genial Lars Von Trier en la secci\u00f3n oficial. Pronto descubr\u00ed que el revolucionario dan\u00e9s acud\u00eda a [&hellip;]<\/p>\n","protected":false},"author":4,"featured_media":0,"comment_status":"open","ping_status":"closed","sticky":false,"template":"","format":"standard","meta":[],"categories":[7],"tags":[121],"_links":{"self":[{"href":"https:\/\/blogs.elnortedecastilla.es\/vicentealvarez\/wp-json\/wp\/v2\/posts\/237"}],"collection":[{"href":"https:\/\/blogs.elnortedecastilla.es\/vicentealvarez\/wp-json\/wp\/v2\/posts"}],"about":[{"href":"https:\/\/blogs.elnortedecastilla.es\/vicentealvarez\/wp-json\/wp\/v2\/types\/post"}],"author":[{"embeddable":true,"href":"https:\/\/blogs.elnortedecastilla.es\/vicentealvarez\/wp-json\/wp\/v2\/users\/4"}],"replies":[{"embeddable":true,"href":"https:\/\/blogs.elnortedecastilla.es\/vicentealvarez\/wp-json\/wp\/v2\/comments?post=237"}],"version-history":[{"count":0,"href":"https:\/\/blogs.elnortedecastilla.es\/vicentealvarez\/wp-json\/wp\/v2\/posts\/237\/revisions"}],"wp:attachment":[{"href":"https:\/\/blogs.elnortedecastilla.es\/vicentealvarez\/wp-json\/wp\/v2\/media?parent=237"}],"wp:term":[{"taxonomy":"category","embeddable":true,"href":"https:\/\/blogs.elnortedecastilla.es\/vicentealvarez\/wp-json\/wp\/v2\/categories?post=237"},{"taxonomy":"post_tag","embeddable":true,"href":"https:\/\/blogs.elnortedecastilla.es\/vicentealvarez\/wp-json\/wp\/v2\/tags?post=237"}],"curies":[{"name":"wp","href":"https:\/\/api.w.org\/{rel}","templated":true}]}}