{"id":239,"date":"2007-11-01T19:53:00","date_gmt":"2007-11-01T19:53:00","guid":{"rendered":"http:\/\/blogs.elnortedecastilla.es\/vicentealvarez\/?p=239"},"modified":"2007-11-01T19:53:00","modified_gmt":"2007-11-01T19:53:00","slug":"me-enveneno-seminci","status":"publish","type":"post","link":"https:\/\/blogs.elnortedecastilla.es\/vicentealvarez\/2007\/11\/01\/me-enveneno-seminci\/","title":{"rendered":"ME ENVENENO DE SEMINCI"},"content":{"rendered":"<p><IMG src=\"\/vicentealvarez\/files\/logo-130.jpg\" width=\"130\" height=\"120\" class=\"imgizqda\" \/><em>Publicado en El Norte de Castilla el 1 de noviembre de 2007<\/em><br \/>\nValladolid huele a oto\u00f1o y a cine. Ocurre todos los a\u00f1os. Uno ya ha perdido la cuenta de las semincis que ha mamado. Ha habido de todo: Emmanuelle Beart, Emma Su\u00e1rez, Patricia Adriani, Paco Rabal, Rafael Azcona. Tambi\u00e9n, una mano que te agarra en la oscuridad de la sala, una l\u00e1grima por alguien que ya no est\u00e1, una actriz que sale de la pantalla y te invita a pasear por La Rosaleda. Supongo que todo el mundo tendr\u00e1 cientos de historias que contar sobre sus particulares semincis. Es la magia del cine. Casi todo el mundo sabe de ella aunque la haya probado en muy distintas dosis. Conozco a gente que s\u00f3lo va al cine durante esta semana prodigiosa de octubre. Siempre me he preguntado d\u00f3nde se esconden los locos de la Seminci las otras 51 semanas. Tambi\u00e9n me pregunto, mientras hago cola en cualquier taquilla o mientras espero que empiece la pel\u00edcula de turno, por la idiosincrasia particular que adorna a una buena parte de los cin\u00e9filos que abarrotan las salas durante la Seminci. Me molestan las poses y los fuegos artificiales. Tambi\u00e9n, la intransigencia, los niveles de exigencia que se marca el personal, la poca condescendencia transfigurada en pedante autocomplacencia. Si la gente fuese la mitad de exigente consigo misma que lo es con los dem\u00e1s, este mundo ser\u00eda mucho mejor. Todos deber\u00edamos de ser conscientes de lo que cuesta levantar un proyecto, hacer una pel\u00edcula, la cantidad de sue\u00f1os e ilusiones que hay detr\u00e1s de ello. Lo injusto que es, en fin, que el fruto de varios a\u00f1os se decida en un instante, el del aplauso o el del abucheo. \u00bfY hay que ver lo sencillo que les resulta a algunos patalear, criticar y menospreciar el esfuerzo de la gente! Lo vengo comprobando desde hace mucho tiempo en la Seminci, plaza exigente como pocas.<br \/>\n<IMG src=\"\/vicentealvarez\/files\/seminci_corto_triangulos_eliazar.jpg\" width=\"300\" height=\"195\" class=\"imgizqda\" \/><br \/>\nY eso te llega todav\u00eda m\u00e1s cuando te sientes especialmente involucrado. Eliazar, la pucelana que gan\u00f3 &#8216;La noche del corto espa\u00f1ol&#8217; hace dos a\u00f1os con &#8216;Papeles&#8217;, presentaba en la Secci\u00f3n Oficial su nuevo trabajo, &#8216;Tri\u00e1ngulos&#8217;. Mientras asist\u00eda a la proyecci\u00f3n, rodeado de primeras figuras del cine espa\u00f1ol (a continuaci\u00f3n entraba en escena Gonzalo Su\u00e1rez con Aitana S\u00e1nchez Gij\u00f3n, Maribel Verd\u00fa y Carmelo G\u00f3mez), no dejaba de pensar en aquellos cuatro lejanos d\u00edas de hace un a\u00f1o en los que Eliazar pari\u00f3 &#8216;Tri\u00e1ngulos&#8217;. Los rodajes de veinte horas diarias, la preparaci\u00f3n de escenarios, los actores esperando pacientemente, los t\u00e9cnicos corriendo de un lado a otro, Eliazar controlando todo como una peque\u00f1a Napole\u00f3n, Melanie Olivares hablando despacito conmigo en el aeropuerto o sonriendo como s\u00f3lo ella lo sabe hacer en &#8216;El \u00e1rbol de las letras&#8217;. Tambi\u00e9n recuerdo todo el largo recorrido hasta llegar ah\u00ed, los diferentes guiones, la b\u00fasqueda de actores, las ideas que iban y ven\u00edan como luci\u00e9rnagas en la noche. Y, claro, todo el descomunal trabajo de posproducci\u00f3n, los problemas de \u00faltima hora, las dudas. Al final, la acogida ha sido favorable y el sabor de boca que ha dejado &#8216;Tri\u00e1ngulos&#8217; digno de menci\u00f3n. No s\u00e9 cu\u00e1l ser\u00e1 el veredicto, pero el trabajo ya est\u00e1 hecho. La vida consiste en cumplir sue\u00f1os, en desear de forma pluscuamperfecta, en estar a gusto con lo que haces. Y esto seguir\u00e1 as\u00ed durante mucho tiempo. Continuaremos envenen\u00e1ndonos de Seminci y de cine. Por activa o por pasiva. Porque nada m\u00e1s terminar esta edici\u00f3n me espera, en nuestra cita anual, Woody Allen. Que siga la fiesta.<\/p>\n","protected":false},"excerpt":{"rendered":"<p>Publicado en El Norte de Castilla el 1 de noviembre de 2007 Valladolid huele a oto\u00f1o y a cine. Ocurre todos los a\u00f1os. Uno ya ha perdido la cuenta de las semincis que ha mamado. Ha habido de todo: Emmanuelle Beart, Emma Su\u00e1rez, Patricia Adriani, Paco Rabal, Rafael Azcona. Tambi\u00e9n, una mano que te agarra [&hellip;]<\/p>\n","protected":false},"author":4,"featured_media":0,"comment_status":"open","ping_status":"closed","sticky":false,"template":"","format":"standard","meta":[],"categories":[7],"tags":[121],"_links":{"self":[{"href":"https:\/\/blogs.elnortedecastilla.es\/vicentealvarez\/wp-json\/wp\/v2\/posts\/239"}],"collection":[{"href":"https:\/\/blogs.elnortedecastilla.es\/vicentealvarez\/wp-json\/wp\/v2\/posts"}],"about":[{"href":"https:\/\/blogs.elnortedecastilla.es\/vicentealvarez\/wp-json\/wp\/v2\/types\/post"}],"author":[{"embeddable":true,"href":"https:\/\/blogs.elnortedecastilla.es\/vicentealvarez\/wp-json\/wp\/v2\/users\/4"}],"replies":[{"embeddable":true,"href":"https:\/\/blogs.elnortedecastilla.es\/vicentealvarez\/wp-json\/wp\/v2\/comments?post=239"}],"version-history":[{"count":0,"href":"https:\/\/blogs.elnortedecastilla.es\/vicentealvarez\/wp-json\/wp\/v2\/posts\/239\/revisions"}],"wp:attachment":[{"href":"https:\/\/blogs.elnortedecastilla.es\/vicentealvarez\/wp-json\/wp\/v2\/media?parent=239"}],"wp:term":[{"taxonomy":"category","embeddable":true,"href":"https:\/\/blogs.elnortedecastilla.es\/vicentealvarez\/wp-json\/wp\/v2\/categories?post=239"},{"taxonomy":"post_tag","embeddable":true,"href":"https:\/\/blogs.elnortedecastilla.es\/vicentealvarez\/wp-json\/wp\/v2\/tags?post=239"}],"curies":[{"name":"wp","href":"https:\/\/api.w.org\/{rel}","templated":true}]}}