{"id":240,"date":"2007-11-02T13:18:00","date_gmt":"2007-11-02T13:18:00","guid":{"rendered":"http:\/\/blogs.elnortedecastilla.es\/vicentealvarez\/?p=240"},"modified":"2007-11-02T13:18:00","modified_gmt":"2007-11-02T13:18:00","slug":"elvira-mon-amour","status":"publish","type":"post","link":"https:\/\/blogs.elnortedecastilla.es\/vicentealvarez\/2007\/11\/02\/elvira-mon-amour\/","title":{"rendered":"ELVIRA, MON AMOUR"},"content":{"rendered":"<p><IMG src=\"\/vicentealvarez\/files\/logo-130.jpg\" width=\"130\" height=\"120\" class=\"imgizqda\" \/><em>Publicado en El Norte de Castilla con motivo de la 52 Semana Internacional de Cine de Valladolid<\/em><br \/>\nTen\u00eda ganas de ver \u201cPudor\u201d, la primera pel\u00edcula de los hermanos Ulloa. En su momento pas\u00f3 por las salas de Valladolid como un rayo de luna. Lo habitual en estos casos. Cuando te quieres dar cuenta, han quitado de la sala de turno la peli que te interesa para proyectar alguna obra maestra como \u201cAnother gay movie\u201d, \u201cHasta que el cura nos separe\u201d, \u201cSigo como Dios\u201d o \u201cEl ataque de las vampiresas\u201d. Cualquiera de esas joyas pudo ser la que elimin\u00f3 de la cartelera a \u201cPudor\u201d. Una de las cosas buenas que tiene la Seminci es que en la secci\u00f3n de Spanish Cinema podemos recuperar alguna pel\u00edcula que, por esas cositas del chantaje de las multinacionales, est\u00e1 apenas unos d\u00edas en las salas de los cines. Ten\u00eda ganas de ver \u201cPudor\u201d, adem\u00e1s, para asistir al en\u00e9simo recital interpretativo de Elvira M\u00ednguez. Todos los que hab\u00edan visto la pel\u00edcula coincid\u00edan en lo mismo: el portentoso papel de mujer sufridora e insatisfecha que hab\u00eda llevado a la pucelana a hacerse por segunda vez con la Biznaga de Plata a la Mejor Actriz en el Festival de M\u00e1laga. Y, la verdad, se han quedado cortos. No tengo ya adjetivos para describir la interpretaci\u00f3n de Elvira M\u00ednguez en \u201cPudor\u201d. En su momento, desde \u201cEl faro de Aqualung\u201d, escrib\u00ed que la M\u00ednguez dignifica cualquiera de las pel\u00edculas que protagoniza, incluso las m\u00e1s insulsas. Que ella sola es capaz de llenar toda la pantalla, de arrancar el coraz\u00f3n de los murci\u00e9lagos con su mirada, de morirse en peque\u00f1as muertes que nunca existen, de desgarrar el cielo con pu\u00f1ales y poes\u00edas y de regalarnos el murmullo de la lluvia con sus ojos. En \u201cPudor\u201d, adem\u00e1s, comparte protagonismo con un pu\u00f1ado de actores que le dan r\u00e9plica perfecta y ayudan a transmitir el obsesivo ambiente de una familia atribulada, callada e inmensamente infeliz. La exposici\u00f3n tremebunda del dolor y la tristeza a trav\u00e9s de una provocadora exhibici\u00f3n de v\u00edsceras, de recuerdos reducidos a fotos, de fantasmas de vida triste, de vida mala, de personajes, en fin, que van vampirizando desgracias. Pero, sobre todo, de gente que no habla, que no se comunica, que no transmite sentimientos. Y, en medio de todo, una Elvira M\u00ednguez que llena la pantalla con sus silencios, con sus miradas, con sus gestos, con sus notas de ramito de violetas, como s\u00f3lo son capaces de hacerlo las mejores actrices del mundo.<br \/>\n<IMG src=\"\/vicentealvarez\/files\/Elvira_Minguez.jpg\" width=\"227\" height=\"151\" class=\"imgizqda\" \/><br \/>\nEn los foros de cine que circulan por Internet ya hay planteadas quinielas sobre las posibles nominadas al Goya. En un a\u00f1o repleto de interpretaciones femeninas memorables, todos hablan de la Elvira M\u00ednguez de \u201cPudor\u201d. Tambi\u00e9n de Pilar L\u00f3pez de Ayala (\u201cEn la ciudad de Sylvia\u201d), Najwa Nimri (\u201cMataharis\u201d) y Maribel Verd\u00fa &#038; Blanca Portillo (\u201cSiete mesas de billar\u201d). A la pucelana le perjudica que \u201cPudor\u201d se estrenara hace muchos meses. Si hubiese justicia, tendr\u00eda que volver a repetir con esta especie de \u201cTapas, segunda parte\u201d. Desde aqu\u00ed, reclamo que no caiga en el olvido. Tambi\u00e9n reclamo un ciclo para Elvira M\u00ednguez en su casa. Y, puestos a reclamar, reclamo a un director valiente que, de una vez por todas, le ofrezca el papel protagonista que su inmenso talento merece. Yo, por si acaso, sigo escribiendo un gui\u00f3n para vivir una historia de amor con ella. Es lo que tiene poder elegir musas.<\/p>\n","protected":false},"excerpt":{"rendered":"<p>Publicado en El Norte de Castilla con motivo de la 52 Semana Internacional de Cine de Valladolid Ten\u00eda ganas de ver \u201cPudor\u201d, la primera pel\u00edcula de los hermanos Ulloa. En su momento pas\u00f3 por las salas de Valladolid como un rayo de luna. Lo habitual en estos casos. Cuando te quieres dar cuenta, han quitado [&hellip;]<\/p>\n","protected":false},"author":4,"featured_media":0,"comment_status":"open","ping_status":"closed","sticky":false,"template":"","format":"standard","meta":[],"categories":[7],"tags":[121],"_links":{"self":[{"href":"https:\/\/blogs.elnortedecastilla.es\/vicentealvarez\/wp-json\/wp\/v2\/posts\/240"}],"collection":[{"href":"https:\/\/blogs.elnortedecastilla.es\/vicentealvarez\/wp-json\/wp\/v2\/posts"}],"about":[{"href":"https:\/\/blogs.elnortedecastilla.es\/vicentealvarez\/wp-json\/wp\/v2\/types\/post"}],"author":[{"embeddable":true,"href":"https:\/\/blogs.elnortedecastilla.es\/vicentealvarez\/wp-json\/wp\/v2\/users\/4"}],"replies":[{"embeddable":true,"href":"https:\/\/blogs.elnortedecastilla.es\/vicentealvarez\/wp-json\/wp\/v2\/comments?post=240"}],"version-history":[{"count":0,"href":"https:\/\/blogs.elnortedecastilla.es\/vicentealvarez\/wp-json\/wp\/v2\/posts\/240\/revisions"}],"wp:attachment":[{"href":"https:\/\/blogs.elnortedecastilla.es\/vicentealvarez\/wp-json\/wp\/v2\/media?parent=240"}],"wp:term":[{"taxonomy":"category","embeddable":true,"href":"https:\/\/blogs.elnortedecastilla.es\/vicentealvarez\/wp-json\/wp\/v2\/categories?post=240"},{"taxonomy":"post_tag","embeddable":true,"href":"https:\/\/blogs.elnortedecastilla.es\/vicentealvarez\/wp-json\/wp\/v2\/tags?post=240"}],"curies":[{"name":"wp","href":"https:\/\/api.w.org\/{rel}","templated":true}]}}