{"id":241,"date":"2007-11-04T21:17:00","date_gmt":"2007-11-04T21:17:00","guid":{"rendered":"http:\/\/blogs.elnortedecastilla.es\/vicentealvarez\/?p=241"},"modified":"2007-11-04T21:17:00","modified_gmt":"2007-11-04T21:17:00","slug":"gente-casa","status":"publish","type":"post","link":"https:\/\/blogs.elnortedecastilla.es\/vicentealvarez\/2007\/11\/04\/gente-casa\/","title":{"rendered":"GENTE DE CASA"},"content":{"rendered":"<p><IMG src=\"\/vicentealvarez\/files\/logo-130.jpg\" width=\"130\" height=\"120\" class=\"imgizqda\" \/><em>Publicado en El Norte de Castilla con motivo de la 52 Semana Internacional de Cine de Valladolid<\/em><br \/>\nUna de las se\u00f1as de identidad que distinguen a un buen festival de cine es la de contar con una serie de directores habituales, muchos de ellos descubiertos por el propio festival. En la Seminci tenemos muchos ejemplos, desde Bergman a Loach pasando por Egoyan, Guediguian o Kierostami. La \u00faltima perla descubierta por la Seminci responde al nombre de Mat\u00edas Bize, un jovenc\u00edsimo director chileno que en 2005 se alz\u00f3 con la  Espiga de Oro por su trabajo &#8216;En la Cama&#8217;, en 2006 fue jurado y este a\u00f1o hace doblete con &#8216;S\u00e1bado&#8217; y con &#8216;Lo Bueno de Llorar&#8217;. Mat\u00edas Bize es un director que hace las pel\u00edculas que a m\u00ed me gustar\u00eda rodar. Pel\u00edculas que emocionan, que cuentan historias sencillas con pocos personajes. Pel\u00edculas honestas rodadas con ardor experimental. Cine \u00edntimo, personal\u00edsimo y de autor en el mejor de los sentidos. Lo dec\u00eda Jos\u00e9 Luis Guer\u00edn hace bien poco: \u201cfrente a grandes pel\u00edculas sobre el conflicto de Irak, para m\u00ed un chico y una chica que se miran es el tema m\u00e1s trascendente de la Humanidad\u201d. \u00c9sa es la filosof\u00eda que mueve el cine de Mat\u00edas Bize.<br \/>\n<IMG src=\"\/vicentealvarez\/files\/mini-matias-bize.jpg\" width=\"400\" height=\"164\" class=\"imgcen\" \/><br \/>\n\u201cS\u00e1bado\u201d, su primer largo, no deja de ser un experimento de direcci\u00f3n con resultados asombrosos. Una pel\u00edcula original\u00edsima y provocadora en su sencillez. Una historia en tiempo real resuelta en \u00fanico plano secuencia. La venganza de una novia que, a punto de casarse, se entera de que ha sido enga\u00f1ada y los 65 minutos que van desde que la amante de su novio le da la tremenda noticia hasta que ella pide al c\u00e1mara que est\u00e1 grabando todo que deje de hacerlo. Una mezcla de teatro, cine y performance que dio paso a su siguiente proyecto, la exitosa \u201cEn la cama\u201d. Una pel\u00edcula que empieza y termina dentro de la habitaci\u00f3n de un motel. Dos personajes y una cama. Nada m\u00e1s. Una historia de una relaci\u00f3n casual, de contrabando, la de una pareja que tienen sexo, fuman, atienden a sus m\u00f3viles, ven la televisi\u00f3n, esp\u00edan sus carteras y, sobre todo, hablan. Lo peor es que comienzan a entenderse y surge el conflicto: \u201c\u00bfPor qu\u00e9 estamos haci\u00e9ndonos esto? Hablar, como si nos quisi\u00e9ramos conocer. Como si tuvi\u00e9ramos un futuro\u201d. La pel\u00edcula va de lo f\u00edsico a lo emocional. Lo que comienza como una pel\u00edcula de susurros, de gemidos, de amantes que no saben su nombre, termina como una fascinante exposici\u00f3n de cicatrices sentimentales. La filosof\u00eda de la intimidad va surgiendo sola. Ya se sabe que el sexo casual no es nada. Tambi\u00e9n que en una cama siempre hay, al menos, cuatro personas. Y que la cama es el sitio donde amas pero tambi\u00e9n donde sue\u00f1as y donde enga\u00f1as. La pel\u00edcula obtuvo m\u00e1s de treinta premios internacionales y la oportunidad de rodar en Espa\u00f1a \u201cLo bueno de llorar\u201d, un film donde la excitada parler\u00eda de \u201cEn la cama\u201d se transforma en agobiantes silencios. Ahora Bize nos habla de una pareja a punto de romper (\u201c\u00bfQu\u00e9 nos ha pasado? \u00bfQu\u00e9 hemos hecho mal?\u201d). Otra pel\u00edcula intimista, rodada en tiempo record y resuelta a partir de grandes planos secuencia en la que el director vuelve a concentrar los acontecimientos en un cort\u00edsimo per\u00edodo de tiempo. Cine de emociones marca de la casa. Por eso, desde ya, esperamos la siguiente historia de nuestro chileno preferido.<\/p>\n","protected":false},"excerpt":{"rendered":"<p>Publicado en El Norte de Castilla con motivo de la 52 Semana Internacional de Cine de Valladolid Una de las se\u00f1as de identidad que distinguen a un buen festival de cine es la de contar con una serie de directores habituales, muchos de ellos descubiertos por el propio festival. En la Seminci tenemos muchos ejemplos, [&hellip;]<\/p>\n","protected":false},"author":4,"featured_media":0,"comment_status":"open","ping_status":"closed","sticky":false,"template":"","format":"standard","meta":[],"categories":[7],"tags":[121],"_links":{"self":[{"href":"https:\/\/blogs.elnortedecastilla.es\/vicentealvarez\/wp-json\/wp\/v2\/posts\/241"}],"collection":[{"href":"https:\/\/blogs.elnortedecastilla.es\/vicentealvarez\/wp-json\/wp\/v2\/posts"}],"about":[{"href":"https:\/\/blogs.elnortedecastilla.es\/vicentealvarez\/wp-json\/wp\/v2\/types\/post"}],"author":[{"embeddable":true,"href":"https:\/\/blogs.elnortedecastilla.es\/vicentealvarez\/wp-json\/wp\/v2\/users\/4"}],"replies":[{"embeddable":true,"href":"https:\/\/blogs.elnortedecastilla.es\/vicentealvarez\/wp-json\/wp\/v2\/comments?post=241"}],"version-history":[{"count":0,"href":"https:\/\/blogs.elnortedecastilla.es\/vicentealvarez\/wp-json\/wp\/v2\/posts\/241\/revisions"}],"wp:attachment":[{"href":"https:\/\/blogs.elnortedecastilla.es\/vicentealvarez\/wp-json\/wp\/v2\/media?parent=241"}],"wp:term":[{"taxonomy":"category","embeddable":true,"href":"https:\/\/blogs.elnortedecastilla.es\/vicentealvarez\/wp-json\/wp\/v2\/categories?post=241"},{"taxonomy":"post_tag","embeddable":true,"href":"https:\/\/blogs.elnortedecastilla.es\/vicentealvarez\/wp-json\/wp\/v2\/tags?post=241"}],"curies":[{"name":"wp","href":"https:\/\/api.w.org\/{rel}","templated":true}]}}