{"id":2574,"date":"2017-12-15T09:46:03","date_gmt":"2017-12-15T08:46:03","guid":{"rendered":"http:\/\/blogs.elnortedecastilla.es\/vicentealvarez\/?p=2574"},"modified":"2017-12-15T09:46:03","modified_gmt":"2017-12-15T08:46:03","slug":"los-anos-aurorales","status":"publish","type":"post","link":"https:\/\/blogs.elnortedecastilla.es\/vicentealvarez\/2017\/12\/15\/los-anos-aurorales\/","title":{"rendered":"LOS A\u00d1OS AURORALES"},"content":{"rendered":"<p><a href=\"https:\/\/static-blogs.elnortedecastilla.es\/wp-content\/uploads\/sites\/3\/2017\/12\/a\u00f1osaurorales6.jpg\"><img loading=\"lazy\" class=\"alignleft size-medium wp-image-2575\" src=\"https:\/\/static-blogs.elnortedecastilla.es\/wp-content\/uploads\/sites\/3\/2017\/12\/a\u00f1osaurorales6-300x237.jpg\" alt=\"anosaurorales6\" width=\"300\" height=\"237\" srcset=\"https:\/\/static-blogs.elnortedecastilla.es\/wp-content\/uploads\/sites\/3\/2017\/12\/a\u00f1osaurorales6-300x237.jpg 300w, https:\/\/static-blogs.elnortedecastilla.es\/wp-content\/uploads\/sites\/3\/2017\/12\/a\u00f1osaurorales6-768x606.jpg 768w, https:\/\/static-blogs.elnortedecastilla.es\/wp-content\/uploads\/sites\/3\/2017\/12\/a\u00f1osaurorales6.jpg 882w\" sizes=\"(max-width: 300px) 100vw, 300px\" \/><\/a>Publicado en El Norte de Castilla el 15 de diciembre de 2017<\/p>\n<p>a veces uno se reconcilia con la literatura, con lo que rodea a la literatura, mejor dicho, porque los libros siempre est\u00e1n ah\u00ed y ellos nunca fallan, algo que no se puede decir de lo que llaman industria de la literatura y aleda\u00f1os, pues eso, que a fernando del val, poeta que vive entre matrioskas de porcelana y que conoce como nadie el murmullo de las gotas de lluvia, le han concedido el ojo cr\u00edtico de poes\u00eda por los a\u00f1os aurorales,\u00a0 memorable poemario publicado por la heroica editorial vallisoletana dif\u00e1cil, es decir dos alegr\u00edas en una, por un lado fernando, que sabe m\u00e1s de trilog\u00edas de nueva york que el propio paul auster, y por el otro c\u00e9sar dif\u00e1cil, que pone fant\u00e1stico colof\u00f3n al veinte aniversario de una editorial, siempre luchando contra molinos m\u00e1s o menos invisibles, con este premio concedido a una de las estrellas de la armada dif\u00e1cil, porque de eso hablamos, de literatura fulgurante e inusual, de fernando del val subido siempre en ramas de estrategia colorista y enredado en poemas que llevan dentro una m\u00fasica especial, como estos a\u00f1os aurorales, sesenta y seis composiciones de distinta extensi\u00f3n, a veces s\u00f3lo una o dos l\u00edneas, donde aprendemos que cuanto m\u00e1s muere la luz m\u00e1s luz hay, que cuando llueve mercurio las cig\u00fce\u00f1as no vuelan, que la sangre es un rodapi\u00e9, que las nubes las pone patinir, que a veces la noche amanece entre dientes, que hay necrol\u00f3gicas en las incubadoras y que la desmemoria amontona pret\u00e9ritos siempre imperfectos, de todo ello hay en los a\u00f1os aurorales, un libro luminoso lleno de bocas de las que salen veleros, luces que son cicatrices y sombras de colores pero tambi\u00e9n de besos infectados, manzanos venenosos y sombras de edificios abandonados que un d\u00eda fueron torres, o dicho de otra forma, el amor convertido en chispa que nos mata sin querer, el final de las rosas y el principio de unos besos pr\u00f3fugos, o sea, todo ello flordelisado con silencios emotivos y embelesos de un alquimista de otro mundo, fernando living la vida en rollingstone mientras compon\u00eda sus a\u00f1os aurorales en dos mil siete y dos mil ocho y los arreglaba durante los nueve a\u00f1os siguientes, fernando abrazando la lentitud, fernando masticando la poes\u00eda y regal\u00e1ndonos estos a\u00f1os aurorales, un poemario escrito en min\u00fasculas que ya est\u00e1 en la historia de la poes\u00eda con may\u00fasculas, bendito sea fernando del val.<\/p>\n","protected":false},"excerpt":{"rendered":"<p>Publicado en El Norte de Castilla el 15 de diciembre de 2017 a veces uno se reconcilia con la literatura, con lo que rodea a la literatura, mejor dicho, porque los libros siempre est\u00e1n ah\u00ed y ellos nunca fallan, algo que no se puede decir de lo que llaman industria de la literatura y aleda\u00f1os, [&hellip;]<\/p>\n","protected":false},"author":4,"featured_media":0,"comment_status":"open","ping_status":"open","sticky":false,"template":"","format":"standard","meta":[],"categories":[7,11],"tags":[144],"_links":{"self":[{"href":"https:\/\/blogs.elnortedecastilla.es\/vicentealvarez\/wp-json\/wp\/v2\/posts\/2574"}],"collection":[{"href":"https:\/\/blogs.elnortedecastilla.es\/vicentealvarez\/wp-json\/wp\/v2\/posts"}],"about":[{"href":"https:\/\/blogs.elnortedecastilla.es\/vicentealvarez\/wp-json\/wp\/v2\/types\/post"}],"author":[{"embeddable":true,"href":"https:\/\/blogs.elnortedecastilla.es\/vicentealvarez\/wp-json\/wp\/v2\/users\/4"}],"replies":[{"embeddable":true,"href":"https:\/\/blogs.elnortedecastilla.es\/vicentealvarez\/wp-json\/wp\/v2\/comments?post=2574"}],"version-history":[{"count":1,"href":"https:\/\/blogs.elnortedecastilla.es\/vicentealvarez\/wp-json\/wp\/v2\/posts\/2574\/revisions"}],"predecessor-version":[{"id":2576,"href":"https:\/\/blogs.elnortedecastilla.es\/vicentealvarez\/wp-json\/wp\/v2\/posts\/2574\/revisions\/2576"}],"wp:attachment":[{"href":"https:\/\/blogs.elnortedecastilla.es\/vicentealvarez\/wp-json\/wp\/v2\/media?parent=2574"}],"wp:term":[{"taxonomy":"category","embeddable":true,"href":"https:\/\/blogs.elnortedecastilla.es\/vicentealvarez\/wp-json\/wp\/v2\/categories?post=2574"},{"taxonomy":"post_tag","embeddable":true,"href":"https:\/\/blogs.elnortedecastilla.es\/vicentealvarez\/wp-json\/wp\/v2\/tags?post=2574"}],"curies":[{"name":"wp","href":"https:\/\/api.w.org\/{rel}","templated":true}]}}