{"id":2577,"date":"2017-12-22T09:08:16","date_gmt":"2017-12-22T08:08:16","guid":{"rendered":"http:\/\/blogs.elnortedecastilla.es\/vicentealvarez\/?p=2577"},"modified":"2017-12-22T09:08:16","modified_gmt":"2017-12-22T08:08:16","slug":"hiperboles-emocionales","status":"publish","type":"post","link":"https:\/\/blogs.elnortedecastilla.es\/vicentealvarez\/2017\/12\/22\/hiperboles-emocionales\/","title":{"rendered":"HIP\u00c9RBOLES EMOCIONALES"},"content":{"rendered":"<p><a href=\"https:\/\/static-blogs.elnortedecastilla.es\/wp-content\/uploads\/sites\/3\/2017\/12\/amodio.jpg\"><img loading=\"lazy\" class=\"alignleft size-medium wp-image-2578\" src=\"https:\/\/static-blogs.elnortedecastilla.es\/wp-content\/uploads\/sites\/3\/2017\/12\/amodio-246x300.jpg\" alt=\"amodio\" width=\"246\" height=\"300\" srcset=\"https:\/\/static-blogs.elnortedecastilla.es\/wp-content\/uploads\/sites\/3\/2017\/12\/amodio-246x300.jpg 246w, https:\/\/static-blogs.elnortedecastilla.es\/wp-content\/uploads\/sites\/3\/2017\/12\/amodio-768x938.jpg 768w, https:\/\/static-blogs.elnortedecastilla.es\/wp-content\/uploads\/sites\/3\/2017\/12\/amodio-839x1024.jpg 839w, https:\/\/static-blogs.elnortedecastilla.es\/wp-content\/uploads\/sites\/3\/2017\/12\/amodio.jpg 1158w\" sizes=\"(max-width: 246px) 100vw, 246px\" \/><\/a>Publicado en El Norte de Castilla el 22 de diciembre de 2017<\/p>\n<p>Se ha convertido en una tradici\u00f3n. Incluso pasando por encima del Almendro, de Codorniu o de la Loter\u00eda. Cada a\u00f1o el nuevo anuncio de Campofr\u00edo da la campanada. Este a\u00f1o en 24 horas ha conseguido m\u00e1s de un mill\u00f3n de reproducciones y ya no para de hablarse de ese curioso concepto del amodio que protagoniza la campa\u00f1a publicitaria. Hablan del amodio como una muy particular forma de vivir de los espa\u00f1oles caracterizada por amar y odiar a la vez todo aquello que nos importa realmente. O dicho de otra forma, las cosas que m\u00e1s nos interesan y con las que m\u00e1s disfrutamos son en ocasiones las que m\u00e1s nos cabrean y nos hacen sufrir. Amodiamos con pasi\u00f3n y vehemencia. Somos hip\u00e9rboles emocionales. ADN mediterr\u00e1neo y corazones ardientes, o sea. Todo ello con un toque desquiciado precisamente por exceso de fervor. Tal vez por eso el anuncio, rodado en el Balneario de las Salinas de Medina del Campo, se desarrolla dentro de un Hospital Psiqui\u00e1trico por donde pululan personajes reconocibles, desde Serrat a Baltasar Garz\u00f3n, pasando por Candela Pe\u00f1a, Irene Villa o Dani Mateo, sin olvidarnos de Carmen Maura que ejerce como maestra de ceremonias. Impagable la escena de unos pacientes peg\u00e1ndose por colgar su respectiva bandera en el balc\u00f3n, el absolutamente amodioso Risto Mejide, el homenaje a Chiquito o Roc\u00edo Jurado cantando &#8220;yo te amodio cuando gritas cuando callas&#8221;. Pues bien, esta reflexi\u00f3n afable sobre nuestro peculiar car\u00e1cter que tanto ha gustado ha sentado tambi\u00e9n bastante mal en algunos colectivos lo que viene a demostrar que, efectivamente, amodiamos a lo grande. Unos hablan de negocio vil basado en la masacre de animales, otros de que se perpet\u00faa el estigma de la salud mental, algunos, en fin, del eterno buenismo de los pijoprogres. Eso por no mentar la met\u00e1fora que se adivina sobre el desquiciamiento que nos gobierna \u00faltimamente. As\u00ed, a los independentistas no les ha hecho ni pizca de gracia (el que aparezca su ahora odiado Serrat habr\u00e1 contribuido) y a los constitucionalistas con piel m\u00e1s fina les parece que en el anuncio no se mojan y optan por la equidistancia. Que Isabel Coixet haya dirigido el anuncio ya hac\u00eda presagiar divisi\u00f3n de opiniones. A la Coixet o la amas o\u00a0 la odias. Lo dicho, amodiando, que es gerundio. Eso s\u00ed, digno de estudio el que una empresa de embutidos apele al melodrama emocional en un pa\u00eds lleno de chorizos.<\/p>\n","protected":false},"excerpt":{"rendered":"<p>Publicado en El Norte de Castilla el 22 de diciembre de 2017 Se ha convertido en una tradici\u00f3n. Incluso pasando por encima del Almendro, de Codorniu o de la Loter\u00eda. Cada a\u00f1o el nuevo anuncio de Campofr\u00edo da la campanada. Este a\u00f1o en 24 horas ha conseguido m\u00e1s de un mill\u00f3n de reproducciones y ya [&hellip;]<\/p>\n","protected":false},"author":4,"featured_media":0,"comment_status":"open","ping_status":"open","sticky":false,"template":"","format":"standard","meta":[],"categories":[7],"tags":[],"_links":{"self":[{"href":"https:\/\/blogs.elnortedecastilla.es\/vicentealvarez\/wp-json\/wp\/v2\/posts\/2577"}],"collection":[{"href":"https:\/\/blogs.elnortedecastilla.es\/vicentealvarez\/wp-json\/wp\/v2\/posts"}],"about":[{"href":"https:\/\/blogs.elnortedecastilla.es\/vicentealvarez\/wp-json\/wp\/v2\/types\/post"}],"author":[{"embeddable":true,"href":"https:\/\/blogs.elnortedecastilla.es\/vicentealvarez\/wp-json\/wp\/v2\/users\/4"}],"replies":[{"embeddable":true,"href":"https:\/\/blogs.elnortedecastilla.es\/vicentealvarez\/wp-json\/wp\/v2\/comments?post=2577"}],"version-history":[{"count":1,"href":"https:\/\/blogs.elnortedecastilla.es\/vicentealvarez\/wp-json\/wp\/v2\/posts\/2577\/revisions"}],"predecessor-version":[{"id":2579,"href":"https:\/\/blogs.elnortedecastilla.es\/vicentealvarez\/wp-json\/wp\/v2\/posts\/2577\/revisions\/2579"}],"wp:attachment":[{"href":"https:\/\/blogs.elnortedecastilla.es\/vicentealvarez\/wp-json\/wp\/v2\/media?parent=2577"}],"wp:term":[{"taxonomy":"category","embeddable":true,"href":"https:\/\/blogs.elnortedecastilla.es\/vicentealvarez\/wp-json\/wp\/v2\/categories?post=2577"},{"taxonomy":"post_tag","embeddable":true,"href":"https:\/\/blogs.elnortedecastilla.es\/vicentealvarez\/wp-json\/wp\/v2\/tags?post=2577"}],"curies":[{"name":"wp","href":"https:\/\/api.w.org\/{rel}","templated":true}]}}