{"id":2584,"date":"2017-12-29T12:36:58","date_gmt":"2017-12-29T11:36:58","guid":{"rendered":"http:\/\/blogs.elnortedecastilla.es\/vicentealvarez\/?p=2584"},"modified":"2017-12-29T12:36:58","modified_gmt":"2017-12-29T11:36:58","slug":"uno-para-todos","status":"publish","type":"post","link":"https:\/\/blogs.elnortedecastilla.es\/vicentealvarez\/2017\/12\/29\/uno-para-todos\/","title":{"rendered":"UNO PARA TODOS"},"content":{"rendered":"<p><a href=\"https:\/\/static-blogs.elnortedecastilla.es\/wp-content\/uploads\/sites\/3\/2017\/12\/unoparatodos.jpg\"><img loading=\"lazy\" class=\"alignleft size-medium wp-image-2585\" src=\"https:\/\/static-blogs.elnortedecastilla.es\/wp-content\/uploads\/sites\/3\/2017\/12\/unoparatodos-300x162.jpg\" alt=\"unoparatodos\" width=\"300\" height=\"162\" srcset=\"https:\/\/static-blogs.elnortedecastilla.es\/wp-content\/uploads\/sites\/3\/2017\/12\/unoparatodos-300x162.jpg 300w, https:\/\/static-blogs.elnortedecastilla.es\/wp-content\/uploads\/sites\/3\/2017\/12\/unoparatodos-768x415.jpg 768w, https:\/\/static-blogs.elnortedecastilla.es\/wp-content\/uploads\/sites\/3\/2017\/12\/unoparatodos-1024x553.jpg 1024w\" sizes=\"(max-width: 300px) 100vw, 300px\" \/><\/a>Publicado en El Norte de Castilla el 29 de diciembre de 2017<\/p>\n<p>En los salones parisinos los detractores de Alejandro Dumas (al que no perdonaban el monumental \u00e9xito de sus novelas) gozaban ri\u00e9ndose de sus or\u00edgenes. En fin, querido maestro, le dec\u00edan con sorna y mala baba, usted debe saber mucho sobre los negros. A lo que Dumas contestaba, imperturbable, orondo y lirondo, &#8220;pues claro, mi padre era tambi\u00e9n mulato, mi abuelo era negro y mi tatarabuelo un mono. Ya ve, se\u00f1or, mi familia comienza donde la suya finaliza&#8221;. Genio y figura. Ese era Dumas, el pantagru\u00e9lico escritor que nos regal\u00f3 dos de las diez mejores novelas de toda la historia (\u201cLos tres mosqueteros\u201d y \u201cEl conde de Montecristo\u201d) y el que lo discuta se las ver\u00e1 conmigo en un duelo a capa y espada. Tal vez por eso no s\u00e9 me ocurre mejor forma de terminar el a\u00f1o que visitar a mis amigos los mosqueteros. En esta ocasi\u00f3n en una de sus \u00faltimas apariciones cinematogr\u00e1ficas (la pel\u00edcula de 1998 \u201cEl hombre de la m\u00e1scara de hierro\u201d), basada en la tercera parte de la trilog\u00eda de los mosqueteros (&#8220;El vizconde de Bragelonne&#8221;) y centr\u00e1ndose en una folletinesca historia con un fondo muy real. Y es que cuando los ciudadanos amotinados de Francia destruyeron la Bastilla, encontraron entre sus restos esta misteriosa descripci\u00f3n: Prisionero 64389000, el hombre de la m\u00e1scara de hierro. El resto lo puso la imaginaci\u00f3n de Alejandro Dumas. Qu\u00e9 envidia la de otras cinematograf\u00edas que respetan a sus h\u00e9roes populares y son capaces de montar grandes superproducciones para reivindicarlos. Aqu\u00ed, con Malkovich, Jeromy Irons, Di Caprio o Depardieu entre otros muchos. Inimaginable el hacer algo parecido con nuestros h\u00e9roes populares. Bueno, aqu\u00ed ni siquiera se les respeta e incluso han sido borrados del mapa. Pues eso, que cierro el a\u00f1o con D\u2019Artagnan (m\u00e1s torturado que nunca y enamorado locamente de la vallisoletana reina de Francia) y con unos viejos y achacosos Athos, Porthos y Aramis protagonizando una aventura de capa y espada crepuscular. Lo hago regresando a mi infancia a golpe de acci\u00f3n, espadachines, honor, traiciones, conspiraciones, enga\u00f1os, romances versallescos y puritito regocijo. Qu\u00e9 m\u00e1s se puede pedir. Bueno, s\u00ed, que vuelvan los mosqueteros, siempre los mosqueteros, con su famoso juramento de uni\u00f3n y auxilio mutuo, uno para todos y todos para uno, lecci\u00f3n \u00a0\u00fanica, sublime y memorable de solidaridad que tan bien nos vendr\u00eda en estos tiempos convulsos y esquizofr\u00e9nicos.<\/p>\n","protected":false},"excerpt":{"rendered":"<p>Publicado en El Norte de Castilla el 29 de diciembre de 2017 En los salones parisinos los detractores de Alejandro Dumas (al que no perdonaban el monumental \u00e9xito de sus novelas) gozaban ri\u00e9ndose de sus or\u00edgenes. En fin, querido maestro, le dec\u00edan con sorna y mala baba, usted debe saber mucho sobre los negros. A [&hellip;]<\/p>\n","protected":false},"author":4,"featured_media":0,"comment_status":"open","ping_status":"open","sticky":false,"template":"","format":"standard","meta":[],"categories":[7],"tags":[145],"_links":{"self":[{"href":"https:\/\/blogs.elnortedecastilla.es\/vicentealvarez\/wp-json\/wp\/v2\/posts\/2584"}],"collection":[{"href":"https:\/\/blogs.elnortedecastilla.es\/vicentealvarez\/wp-json\/wp\/v2\/posts"}],"about":[{"href":"https:\/\/blogs.elnortedecastilla.es\/vicentealvarez\/wp-json\/wp\/v2\/types\/post"}],"author":[{"embeddable":true,"href":"https:\/\/blogs.elnortedecastilla.es\/vicentealvarez\/wp-json\/wp\/v2\/users\/4"}],"replies":[{"embeddable":true,"href":"https:\/\/blogs.elnortedecastilla.es\/vicentealvarez\/wp-json\/wp\/v2\/comments?post=2584"}],"version-history":[{"count":1,"href":"https:\/\/blogs.elnortedecastilla.es\/vicentealvarez\/wp-json\/wp\/v2\/posts\/2584\/revisions"}],"predecessor-version":[{"id":2586,"href":"https:\/\/blogs.elnortedecastilla.es\/vicentealvarez\/wp-json\/wp\/v2\/posts\/2584\/revisions\/2586"}],"wp:attachment":[{"href":"https:\/\/blogs.elnortedecastilla.es\/vicentealvarez\/wp-json\/wp\/v2\/media?parent=2584"}],"wp:term":[{"taxonomy":"category","embeddable":true,"href":"https:\/\/blogs.elnortedecastilla.es\/vicentealvarez\/wp-json\/wp\/v2\/categories?post=2584"},{"taxonomy":"post_tag","embeddable":true,"href":"https:\/\/blogs.elnortedecastilla.es\/vicentealvarez\/wp-json\/wp\/v2\/tags?post=2584"}],"curies":[{"name":"wp","href":"https:\/\/api.w.org\/{rel}","templated":true}]}}