{"id":2623,"date":"2018-03-09T18:43:03","date_gmt":"2018-03-09T17:43:03","guid":{"rendered":"http:\/\/blogs.elnortedecastilla.es\/vicentealvarez\/?p=2623"},"modified":"2018-03-09T18:43:03","modified_gmt":"2018-03-09T17:43:03","slug":"karim-y-el-horror","status":"publish","type":"post","link":"https:\/\/blogs.elnortedecastilla.es\/vicentealvarez\/2018\/03\/09\/karim-y-el-horror\/","title":{"rendered":"KARIM Y EL HORROR"},"content":{"rendered":"<p><a href=\"https:\/\/static-blogs.elnortedecastilla.es\/wp-content\/uploads\/sites\/3\/2018\/03\/siria.jpg\"><img loading=\"lazy\" class=\"alignleft size-medium wp-image-2624\" src=\"https:\/\/static-blogs.elnortedecastilla.es\/wp-content\/uploads\/sites\/3\/2018\/03\/siria-300x300.jpg\" alt=\"siria\" width=\"300\" height=\"300\" srcset=\"https:\/\/static-blogs.elnortedecastilla.es\/wp-content\/uploads\/sites\/3\/2018\/03\/siria-300x300.jpg 300w, https:\/\/static-blogs.elnortedecastilla.es\/wp-content\/uploads\/sites\/3\/2018\/03\/siria-150x150.jpg 150w, https:\/\/static-blogs.elnortedecastilla.es\/wp-content\/uploads\/sites\/3\/2018\/03\/siria.jpg 682w\" sizes=\"(max-width: 300px) 100vw, 300px\" \/><\/a>Publicado en El Norte de Castilla el 9 de marzo de 2018<\/p>\n<p>Llevo unos d\u00edas buscando a Karim para saber qu\u00e9 ha sido de \u00e9l y no encuentro nada. Algunos se acordar\u00e1n. Karim se convirti\u00f3 en las navidades pasadas en el nuevo s\u00edmbolo de la Siria castigada. Un beb\u00e9 de dos meses que fue herido por fuego de artiller\u00eda en un mercado de Guta Oriental, regi\u00f3n aleda\u00f1a a Damasco sitiada por las fuerzas de Al-Asad. Aquel ataque mat\u00f3 a su madre y otras muchas mujeres. Diez d\u00edas despu\u00e9s, Karim fue v\u00edctima de otro ataque en el que la metralla le provoc\u00f3 una fractura de cr\u00e1neo y la p\u00e9rdida del ojo izquierdo. Su nombre se uni\u00f3 al de otros 137 ni\u00f1os para los que UNICEF ped\u00eda una evacuaci\u00f3n inmediata. Desde entonces, no sabemos nada, salvo que muchos de los que estaban esperando ya han muerto. Las im\u00e1genes de los \u00faltimos ataques son desoladoras. Un centenar de muertos en un solo d\u00eda, la cifra m\u00e1s alta en tres a\u00f1os. Entre las v\u00edctimas, 20 ni\u00f1os. UNICEF ha presentado un comunicado que ha dejado finalmente en blanco. Un portavoz se limit\u00f3 a declarar: \u201cno hay palabras que hagan justicia a los ni\u00f1os asesinados\u201d. Las im\u00e1genes de los ni\u00f1os heridos y muertos les dejaron sin palabras. \u00bfLos que infligen este sufrimiento todav\u00eda tienen palabras para justificar sus actos b\u00e1rbaros? El hambre como arma de guerra. Restricciones de entrada a productos b\u00e1sicos y medicinas. Treguas humanitarias que nadie cumple. Uso de armas prohibidas. Aumento en un 300% de ni\u00f1os asesinados y mutilados. Y Siria el lugar m\u00e1s peligroso para los ni\u00f1os seg\u00fan el \u00faltimo informe de Save the Children. Al Asad lo niega todo. Mientras tanto, los proyectiles de Damasco y Rusia no paran de masacrar a la poblaci\u00f3n civil. Uno no sabe de qui\u00e9n es la culpa tal vez porque los culpables somos todos. Los organismos internacionales incapaces de parar la sangr\u00eda. Los que sueltan las bombas. Los que mandan. Los que miran a otro lado. Y tambi\u00e9n los que escupen bilis por las redes y tiran balones fuera en forma de bombas. Ni en Raqqa ni en Mosul hab\u00eda fot\u00f3grafos, dicen. O comentarios tan miserables como: \u201cDe los creadores del ni\u00f1o muerto a la orilla del mar llega el beb\u00e9 tuerto. Le falta un gatito reci\u00e9n nacido para ser m\u00e1s impactante todav\u00eda\u201d. Hay gente con el alma helada y sin sentimientos. A pesar de\u00a0 ellos, es hora de acabar de una vez con los mataderos de ni\u00f1os en Siria y en todos los dem\u00e1s lugares del planeta. Ya es hora de acabar con el horror. Con el infierno.<\/p>\n","protected":false},"excerpt":{"rendered":"<p>Publicado en El Norte de Castilla el 9 de marzo de 2018 Llevo unos d\u00edas buscando a Karim para saber qu\u00e9 ha sido de \u00e9l y no encuentro nada. Algunos se acordar\u00e1n. Karim se convirti\u00f3 en las navidades pasadas en el nuevo s\u00edmbolo de la Siria castigada. Un beb\u00e9 de dos meses que fue herido [&hellip;]<\/p>\n","protected":false},"author":4,"featured_media":0,"comment_status":"open","ping_status":"open","sticky":false,"template":"","format":"standard","meta":[],"categories":[7],"tags":[],"_links":{"self":[{"href":"https:\/\/blogs.elnortedecastilla.es\/vicentealvarez\/wp-json\/wp\/v2\/posts\/2623"}],"collection":[{"href":"https:\/\/blogs.elnortedecastilla.es\/vicentealvarez\/wp-json\/wp\/v2\/posts"}],"about":[{"href":"https:\/\/blogs.elnortedecastilla.es\/vicentealvarez\/wp-json\/wp\/v2\/types\/post"}],"author":[{"embeddable":true,"href":"https:\/\/blogs.elnortedecastilla.es\/vicentealvarez\/wp-json\/wp\/v2\/users\/4"}],"replies":[{"embeddable":true,"href":"https:\/\/blogs.elnortedecastilla.es\/vicentealvarez\/wp-json\/wp\/v2\/comments?post=2623"}],"version-history":[{"count":1,"href":"https:\/\/blogs.elnortedecastilla.es\/vicentealvarez\/wp-json\/wp\/v2\/posts\/2623\/revisions"}],"predecessor-version":[{"id":2625,"href":"https:\/\/blogs.elnortedecastilla.es\/vicentealvarez\/wp-json\/wp\/v2\/posts\/2623\/revisions\/2625"}],"wp:attachment":[{"href":"https:\/\/blogs.elnortedecastilla.es\/vicentealvarez\/wp-json\/wp\/v2\/media?parent=2623"}],"wp:term":[{"taxonomy":"category","embeddable":true,"href":"https:\/\/blogs.elnortedecastilla.es\/vicentealvarez\/wp-json\/wp\/v2\/categories?post=2623"},{"taxonomy":"post_tag","embeddable":true,"href":"https:\/\/blogs.elnortedecastilla.es\/vicentealvarez\/wp-json\/wp\/v2\/tags?post=2623"}],"curies":[{"name":"wp","href":"https:\/\/api.w.org\/{rel}","templated":true}]}}