{"id":286,"date":"2007-11-22T19:50:16","date_gmt":"2007-11-22T19:50:16","guid":{"rendered":"http:\/\/blogs.elnortedecastilla.es\/vicentealvarez\/?p=286"},"modified":"2007-11-22T19:50:16","modified_gmt":"2007-11-22T19:50:16","slug":"las-flores-suicidas","status":"publish","type":"post","link":"https:\/\/blogs.elnortedecastilla.es\/vicentealvarez\/2007\/11\/22\/las-flores-suicidas\/","title":{"rendered":"LAS FLORES SUICIDAS"},"content":{"rendered":"<p><IMG class=imgizqda id=img_0 src=\"\/vicentealvarez\/wp-content\/uploads\/sites\/3\"><\/p>\n<p><EM>Publicado en El Norte de Castilla el 22 de noviembre de 2007<\/EM><\/p>\n<p><P class=MsoBodyText style=\"MARGIN: 0cm 0cm 0pt\"><FONT face=\"Times New Roman\" size=3>Dice el alcalde que se alegra por la llegada del AVE, aunque se trate de \u201cla pedrea en lugar del premio Gordo\u201d. Tambi\u00e9n dice que el Gobierno va a dilapidar una pila de millones y que, por culpa de las prisas, no tendr\u00e1 las medidas de seguridad necesarias. Que es mejor que el tren venga m\u00e1s despacito al principio, \u201cno le pase lo que a Hamilton\u201d. En el PSOE, claro, el discurso es radicalmente distinto. Nos recuerdan que el proyecto del TAV se gest\u00f3 en 1988 y lanzan salvas de euforia al constatar que, si nada se tuerce, la promesa de Zapatero de traer el TAV a Valladolid en 2007 se va a cumplir. Nos previenen de las mentiras del alcalde cuando dice que se est\u00e1 derrochando dinero y nos informan de que se est\u00e1 invirtiendo en las obras que hay que hacer para que llegue el tren cuanto antes al tiempo que se van ejecutando las que hacen falta para el soterramiento. Incluso no se han cortado un pelo en recordar los problemas surgidos en el AVE de Zaragoza, en el despilfarro descomunal de aquella obra y en las continuas desavenencias con los ge\u00f3logos. Lo que es evidente es que todos est\u00e1n locos por ponerse medallas y que la llegada del TAV a Valladolid constituye una oportunidad hist\u00f3rica para impulsar el desarrollo econ\u00f3mico y social de la ciudad. RENFE augura ya que sus viajeros se multiplicar\u00e1n por seis entre Madrid y Valladolid. Pero para ello, para que el \u00e9xito sea total, ser\u00e1 necesaria una importante revisi\u00f3n de las tarifas que se han anunciado esta misma semana. CC.OO. ya ha reclamado trenes lanzadera (utilizan l\u00edneas AVE pero con veh\u00edculos Avant) con precios m\u00e1s baratos, a imagen y semejanza de la l\u00ednea Ciudad Real-Madrid cuyo billete est\u00e1 en los 15 euros. La ministra ya ha adelantado que las modas de tarifa de bajo coste van a llegar tambi\u00e9n a los trenes y que, comprando el billete por Internet con antelaci\u00f3n, habr\u00e1 descuentos de hasta el 60%. Ojal\u00e1 sea as\u00ed. Todo el mundo coincide en que el futuro pasa por los trenes. En Europa ya lo saben desde hace tiempo (Par\u00eds-Londres se hace en 2 horas 15 minutos) y los trenes de alta velocidad compiten directamente con el transporte a\u00e9reo en distancias de hasta 700 kil\u00f3metros. Nos aseguran, adem\u00e1s, que los trenes ser\u00e1n cada vez m\u00e1s veloces y seguros (en Jap\u00f3n est\u00e1n trabajando con trenes de levitaci\u00f3n magn\u00e9tica). Que todo esto me pone cachondo, vaya. Que amo los trenes. Que es el medio de transporte m\u00e1s po\u00e9tico y cinematogr\u00e1fico que conozco. Que me ha pasado de todo en ellos. Que, para m\u00ed, es una met\u00e1fora perfecta del esp\u00edritu viajero y de aventura. Que, como dec\u00eda G\u00f3mez de la Serna, entre los carriles de la v\u00eda del tren crecen las flores suicidas. Que Buster Keaton sigue conduciendo locomotoras de vapor para ganar el coraz\u00f3n de su amada. Que el sheriff Will Kane contin\u00faa esperando con miedo la llegada del tren de las doce. Que Cary Grant sigue encontr\u00e1ndose todos los d\u00edas con Eva Marie Saint y Groucho gritando \u201cm\u00e1s madera\u201d. Que desde los trenes veo pasar el mundo sobre los ra\u00edles de mi infancia. Que tengo cientos de im\u00e1genes de trenes cosidas a mis retinas. Que cada vez que me subo a uno espero, como en las viejas pel\u00edculas, encontrarme con la mujer hermosa, fatal y apasionada que se esconde en cada vag\u00f3n. Y que yo voy a subirme en el AVE cuanto antes para reencontrarme con mi Venus del Espejo que dej\u00e9 abandonada en Londres un fr\u00edo d\u00eda de invierno. Y que el atardecer caiga de golpe en la ventanilla. Que todos mis sue\u00f1os, en fin, pisen las flores suicidas del tiempo.<\/FONT><\/p>\n","protected":false},"excerpt":{"rendered":"<p>Publicado en El Norte de Castilla el 22 de noviembre de 2007 Dice el alcalde que se alegra por la llegada del AVE, aunque se trate de \u201cla pedrea en lugar del premio Gordo\u201d. Tambi\u00e9n dice que el Gobierno va a dilapidar una pila de millones y que, por culpa de las prisas, no tendr\u00e1 [&hellip;]<\/p>\n","protected":false},"author":4,"featured_media":0,"comment_status":"open","ping_status":"closed","sticky":false,"template":"","format":"standard","meta":[],"categories":[7],"tags":[],"_links":{"self":[{"href":"https:\/\/blogs.elnortedecastilla.es\/vicentealvarez\/wp-json\/wp\/v2\/posts\/286"}],"collection":[{"href":"https:\/\/blogs.elnortedecastilla.es\/vicentealvarez\/wp-json\/wp\/v2\/posts"}],"about":[{"href":"https:\/\/blogs.elnortedecastilla.es\/vicentealvarez\/wp-json\/wp\/v2\/types\/post"}],"author":[{"embeddable":true,"href":"https:\/\/blogs.elnortedecastilla.es\/vicentealvarez\/wp-json\/wp\/v2\/users\/4"}],"replies":[{"embeddable":true,"href":"https:\/\/blogs.elnortedecastilla.es\/vicentealvarez\/wp-json\/wp\/v2\/comments?post=286"}],"version-history":[{"count":0,"href":"https:\/\/blogs.elnortedecastilla.es\/vicentealvarez\/wp-json\/wp\/v2\/posts\/286\/revisions"}],"wp:attachment":[{"href":"https:\/\/blogs.elnortedecastilla.es\/vicentealvarez\/wp-json\/wp\/v2\/media?parent=286"}],"wp:term":[{"taxonomy":"category","embeddable":true,"href":"https:\/\/blogs.elnortedecastilla.es\/vicentealvarez\/wp-json\/wp\/v2\/categories?post=286"},{"taxonomy":"post_tag","embeddable":true,"href":"https:\/\/blogs.elnortedecastilla.es\/vicentealvarez\/wp-json\/wp\/v2\/tags?post=286"}],"curies":[{"name":"wp","href":"https:\/\/api.w.org\/{rel}","templated":true}]}}