{"id":287,"date":"2007-11-29T20:17:50","date_gmt":"2007-11-29T20:17:50","guid":{"rendered":"http:\/\/blogs.elnortedecastilla.es\/vicentealvarez\/?p=287"},"modified":"2007-11-29T20:17:50","modified_gmt":"2007-11-29T20:17:50","slug":"minutos-gloria","status":"publish","type":"post","link":"https:\/\/blogs.elnortedecastilla.es\/vicentealvarez\/2007\/11\/29\/minutos-gloria\/","title":{"rendered":"\u00bfMINUTOS DE GLORIA?"},"content":{"rendered":"<p><IMG class=imgizqda id=img_0 src=\"\/vicentealvarez\/wp-content\/uploads\/sites\/3\"><br \/>\n<DIV class=p id=story-texto><EM>Publicado en El Norte de Castilla el 29 de noviembre de 2007<\/EM><\/DIV><DIV class=p> <\/DIV><DIV class=p><\/DIV><DIV class=p>Imagino que cuando la desgracia se convierte en acontecimiento habitual deja de ser noticia. Lo peri\u00f3dico invalida lo period\u00edstico y, en base a ello, ciertos lugares malditos se hacen invisibles. Aunque un cicl\u00f3n se lleve por delante a miles de personas. Las cifras ya ni nos interesan. Acaba de ocurrir en Bangladesh. Algunos estiman el n\u00famero final de fallecidos en torno a los diez mil. Siete millones de personas han perdido sus casas y cosechas y, a muchos, no les llegan las ayudas y no tienen ni agua, ni comida, ni medicamentos. Las epidemias acechan con el cuchillo en la boca y se viven casos extremos de luchas violentas por un pu\u00f1ado de arroz. Sin embargo, Bangladesh no sale en ning\u00fan lado. Asusta el comprobar la poca relevancia informativa que en Occidente hemos otorgado a la tragedia. La comunidad internacional, con el fin de aliviar conciencias, ha prometido ya 140 millones de d\u00f3lares. No es mucho. Sobre todo cuando dos tercios proceden de Arabia Saud\u00ed. Nosotros vivimos en otro mundo. Supongo que resulta comprensible la obsesi\u00f3n de la televisi\u00f3n por ofrecer historias alegres y bonitas. Los horarios de m\u00e1xima audiencia se reservan para otras cosas y los telediarios para la pol\u00edtica nacional y para el f\u00fatbol. A veces, la atenci\u00f3n va y viene de forma c\u00edclica sobre importantes acontecimientos. \u00daltimamente la discusi\u00f3n cat\u00f3dica est\u00e1 centrada en lo perniciosos que resultan ciertos programas de testimonio convertidos en confesionarios p\u00fablicos. El esc\u00e1ndalo salt\u00f3 hace d\u00edas cuando un joven asesin\u00f3 a Svetlana tras haber sido rechazado por ella en &#8216;El diario de Patricia&#8217;, inenarrable programa que protagoniza las tardes de Antena 3 desde hace seis a\u00f1os y por el que han pasado m\u00e1s de veinte mil personas poniendo en el escaparate su intimidad y contando, sin el m\u00e1s m\u00ednimo rubor (y sin cobrar), historias personal\u00edsimas de sus vidas y relaciones. La mayor\u00eda de las historias s\u00f3lo provocan verg\u00fcenza ajena pero alguna traspasa todos los l\u00edmites y acaba convirti\u00e9ndose en una bomba de efectos inmediatos. Svetlana no fue informada en ning\u00fan momento de la persona que se iba a encontrar en el programa. Hace meses, a otra mujer le ocurri\u00f3 lo mismo. La invitaron al programa pero no le dijeron que all\u00ed le esperaba un novio cibern\u00e9tico, circunstancia que, claro, desconoc\u00eda su marido. El tema termin\u00f3 con la mujer apu\u00f1alada. Al asesino se le rebaj\u00f3 la pena por \u00abarrebato y obcecaci\u00f3n\u00bb. El juez dictamin\u00f3 que el despecho del maltratador se vuelve m\u00e1s terrible cuando la humillaci\u00f3n se hace p\u00fablica. El programa sirvi\u00f3 tambi\u00e9n para eso. Dejando a un lado estas tragedias, jam\u00e1s podr\u00e9 entender ese pedacito de gloria que buscan muchos confesando sus intimidades en televisi\u00f3n. Sospecho que se trata de aquellos quince minutos de fama que Warhol prometi\u00f3 a todos los mortales. En la \u00e9poca de las televisiones y de Internet, cualquiera puede conseguir fama instant\u00e1nea y fugaz. M\u00e1s de 65.000 v\u00eddeos son colgados a diario en YouTube donde (conscientes de que sus 20 millones de espectadores s\u00f3lo acostumbran a ver v\u00eddeos por debajo de tres minutos de duraci\u00f3n) han decidido imponer un l\u00edmite de diez minutos. En este mundo acelerado, los quince minutos de gloria prometidos por Warhol van encogiendo. No hay suficiente tiempo en el mundo. En Bangladesh ya no les regalan, siquiera, esos minutos de fama que, en su caso, vienen ataviados con vestido negro y guada\u00f1a.<\/DIV><\/p>\n","protected":false},"excerpt":{"rendered":"<p>Publicado en El Norte de Castilla el 29 de noviembre de 2007 Imagino que cuando la desgracia se convierte en acontecimiento habitual deja de ser noticia. Lo peri\u00f3dico invalida lo period\u00edstico y, en base a ello, ciertos lugares malditos se hacen invisibles. Aunque un cicl\u00f3n se lleve por delante a miles de personas. Las cifras [&hellip;]<\/p>\n","protected":false},"author":4,"featured_media":0,"comment_status":"open","ping_status":"closed","sticky":false,"template":"","format":"standard","meta":[],"categories":[7],"tags":[],"_links":{"self":[{"href":"https:\/\/blogs.elnortedecastilla.es\/vicentealvarez\/wp-json\/wp\/v2\/posts\/287"}],"collection":[{"href":"https:\/\/blogs.elnortedecastilla.es\/vicentealvarez\/wp-json\/wp\/v2\/posts"}],"about":[{"href":"https:\/\/blogs.elnortedecastilla.es\/vicentealvarez\/wp-json\/wp\/v2\/types\/post"}],"author":[{"embeddable":true,"href":"https:\/\/blogs.elnortedecastilla.es\/vicentealvarez\/wp-json\/wp\/v2\/users\/4"}],"replies":[{"embeddable":true,"href":"https:\/\/blogs.elnortedecastilla.es\/vicentealvarez\/wp-json\/wp\/v2\/comments?post=287"}],"version-history":[{"count":0,"href":"https:\/\/blogs.elnortedecastilla.es\/vicentealvarez\/wp-json\/wp\/v2\/posts\/287\/revisions"}],"wp:attachment":[{"href":"https:\/\/blogs.elnortedecastilla.es\/vicentealvarez\/wp-json\/wp\/v2\/media?parent=287"}],"wp:term":[{"taxonomy":"category","embeddable":true,"href":"https:\/\/blogs.elnortedecastilla.es\/vicentealvarez\/wp-json\/wp\/v2\/categories?post=287"},{"taxonomy":"post_tag","embeddable":true,"href":"https:\/\/blogs.elnortedecastilla.es\/vicentealvarez\/wp-json\/wp\/v2\/tags?post=287"}],"curies":[{"name":"wp","href":"https:\/\/api.w.org\/{rel}","templated":true}]}}