{"id":288,"date":"2007-12-02T14:51:23","date_gmt":"2007-12-02T14:51:23","guid":{"rendered":"http:\/\/blogs.elnortedecastilla.es\/vicentealvarez\/?p=288"},"modified":"2007-12-02T14:51:23","modified_gmt":"2007-12-02T14:51:23","slug":"magic","status":"publish","type":"post","link":"https:\/\/blogs.elnortedecastilla.es\/vicentealvarez\/2007\/12\/02\/magic\/","title":{"rendered":"MAGIC"},"content":{"rendered":"<p><IMG class=imgcen id=img_0 src=\"\/vicentealvarez\/wp-content\/uploads\/sites\/3\"><P class=MsoNormal style=\"MARGIN: 0cm 0cm 0pt; TEXT-ALIGN: justify\"><FONT face=\"Times New Roman\" size=3>&#8220;En EE UU se destruyen derechos civiles y se libran guerras injustas&#8221;, grita Bruce Springsteen en su \u00faltima gira. Aqu\u00ed, la derecha m\u00e1s rancia le tachar\u00eda de progre. En EEUU van m\u00e1s all\u00e1: los neocons le han crucificado y, en muchas emisoras y macrotiendas de discos, le tienen vetado. A estas alturas, a Bruce todo eso se la trae floja. \u00c9l sigue con su campa\u00f1a para desprestigiar al indecente equipo de Bush a la vez que contin\u00faa regal\u00e1ndonos peri\u00f3dicamente un rosario de canciones incendiarias. \u201cMagic\u201d, su \u00e1lbum de estudio n\u00famero 15, es el \u00faltimo cap\u00edtulo de una particular Biblia de lamentos urbanos donde no deja de recordarnos que vivimos en tiempos orwellianos en los que la verdad parece mentira y la mentira se hace ver como verdad. <SPAN style=\"mso-bidi-font-size: 10.0pt\">&#8220;\u00bfC\u00f3mo pides a un hombre que sea el \u00faltimo en morir por un error?&#8221;, dice en \u201cLast to die\u201d. \u201cLos h\u00e9roes hac\u00edan falta, as\u00ed que los h\u00e9roes se fabricaron\u201d, a\u00falla en \u201cDevil\u2019s arcade\u201d. Desde hace a\u00f1os, Bruce se ha convertido en l<\/SPAN>a conciencia cr\u00edtica de un pa\u00eds acostumbrado a cometer todo tipo de monstruosidades y abusos en nombre de los suyos. En \u201cMagic\u201d vuelve a poner el dedo en la llaga. Con 58 a\u00f1os regresa al vendaval de \u201cBorn to Run\u201d, a canciones de garaje y frenes\u00ed rockero, pero no se olvida de su lado folk, cr\u00edtico y \u00e1cido. De hecho, el viejo poeta fustigador del sue\u00f1o americano, el Springsteen m\u00e1s intimista (<SPAN style=\"mso-bidi-font-size: 10.0pt\">\u201cotros tal vez lo quieren gratis, pero yo trabajar\u00e9 por tu amor&#8221;)<\/SPAN>, poco a poco va ganando el pulso de la historia aunque en los grandes estadios su rock \u00e9pico gane por goleada. Bruce Springsteen forma parte de mi vida y de mis recuerdos m\u00e1s alegres y dolorosos. De hecho, podr\u00eda hacer pareja con Eric Clapton. Los dos me dan vida y me la quitan con id\u00e9ntica obsesi\u00f3n. \u00daltimamente nos han amenazado con la posibilidad de que el Boss toque en Valladolid. Sospecho que, como buenos gafados en grandes conciertos internacionales, nos quedaremos con las ganas. Ser\u00eda, de todas formas, una ocasi\u00f3n ideal para incendiar Pucela, para poblar la noche de corazones rotos y enamorados, para clavar cuchillos a la luna con la voz poderosa de Bruce y las guitarras afiladas de la E Street Band. De sue\u00f1os tambi\u00e9n tenemos derecho a vivir.<\/FONT><\/p>\n","protected":false},"excerpt":{"rendered":"<p>&#8220;En EE UU se destruyen derechos civiles y se libran guerras injustas&#8221;, grita Bruce Springsteen en su \u00faltima gira. Aqu\u00ed, la derecha m\u00e1s rancia le tachar\u00eda de progre. En EEUU van m\u00e1s all\u00e1: los neocons le han crucificado y, en muchas emisoras y macrotiendas de discos, le tienen vetado. A estas alturas, a Bruce todo [&hellip;]<\/p>\n","protected":false},"author":4,"featured_media":0,"comment_status":"open","ping_status":"closed","sticky":false,"template":"","format":"standard","meta":[],"categories":[6],"tags":[],"_links":{"self":[{"href":"https:\/\/blogs.elnortedecastilla.es\/vicentealvarez\/wp-json\/wp\/v2\/posts\/288"}],"collection":[{"href":"https:\/\/blogs.elnortedecastilla.es\/vicentealvarez\/wp-json\/wp\/v2\/posts"}],"about":[{"href":"https:\/\/blogs.elnortedecastilla.es\/vicentealvarez\/wp-json\/wp\/v2\/types\/post"}],"author":[{"embeddable":true,"href":"https:\/\/blogs.elnortedecastilla.es\/vicentealvarez\/wp-json\/wp\/v2\/users\/4"}],"replies":[{"embeddable":true,"href":"https:\/\/blogs.elnortedecastilla.es\/vicentealvarez\/wp-json\/wp\/v2\/comments?post=288"}],"version-history":[{"count":0,"href":"https:\/\/blogs.elnortedecastilla.es\/vicentealvarez\/wp-json\/wp\/v2\/posts\/288\/revisions"}],"wp:attachment":[{"href":"https:\/\/blogs.elnortedecastilla.es\/vicentealvarez\/wp-json\/wp\/v2\/media?parent=288"}],"wp:term":[{"taxonomy":"category","embeddable":true,"href":"https:\/\/blogs.elnortedecastilla.es\/vicentealvarez\/wp-json\/wp\/v2\/categories?post=288"},{"taxonomy":"post_tag","embeddable":true,"href":"https:\/\/blogs.elnortedecastilla.es\/vicentealvarez\/wp-json\/wp\/v2\/tags?post=288"}],"curies":[{"name":"wp","href":"https:\/\/api.w.org\/{rel}","templated":true}]}}