{"id":293,"date":"2007-12-13T20:38:45","date_gmt":"2007-12-13T20:38:45","guid":{"rendered":"http:\/\/blogs.elnortedecastilla.es\/vicentealvarez\/?p=293"},"modified":"2007-12-13T20:38:45","modified_gmt":"2007-12-13T20:38:45","slug":"la-muerte-las-cabinas","status":"publish","type":"post","link":"https:\/\/blogs.elnortedecastilla.es\/vicentealvarez\/2007\/12\/13\/la-muerte-las-cabinas\/","title":{"rendered":"LA MUERTE DE LAS CABINAS"},"content":{"rendered":"<p><IMG class=imgizqda id=img_0 src=\"\/vicentealvarez\/wp-content\/uploads\/sites\/3\"><\/p>\n<p><EM>Publicado en El Norte de Castilla el 13 de diciembre de 2007<\/EM><\/p>\n<p><DIV class=p id=story-texto><BIG><DIV class=p id=story-texto><SMALL><DIV class=p id=story-texto>Nos cuentan que AT&#038;T, primera operadora de EE. UU., va a abandonar el negocio de las cabinas telef\u00f3nicas. Que tras 129 a\u00f1os han dejado de ser rentables. Que ya s\u00f3lo mantienen 60.000 para una poblaci\u00f3n de 300 millones. Que los m\u00f3viles se han zampado a las cabinas, vaya. En Espa\u00f1a, la fiebre no tardar\u00e1 en llegar y en Gran Breta\u00f1a la cosa no anda mejor. De hecho, las famosas cabinas rojas de Londres, las que m\u00e1s resisten el envite, se mantienen exclusivamente por el reclamo tur\u00edstico (en los barrios menos c\u00e9ntricos ya han desaparecido). Dicen que se van a convertir en poco tiempo en pieza de museo: el toro de Osborne de ricachones caprichosos que se compran una cabina para decorar su jard\u00edn. La British Telecom, propietaria de las cabinas, se\u00f1ala que lo que recaudan no cubre siquiera el mantenimiento. Las prostitutas londinenses que llenaban las cabinas con sus tarjetas personales sufrir\u00e1n un serio rev\u00e9s. Tambi\u00e9n los colectivos que no tienen acceso a un tel\u00e9fono m\u00f3vil, aquellos que siguen utilizando las cabinas para llamar a tel\u00e9fonos fijos porque les sale m\u00e1s barato o los que necesiten un tel\u00e9fono en un momento de emergencia. A la mierda todos los que no deseen entrar en el sistema. De hecho, tenemos lo que nos merecemos. Cu\u00e1ntas veces nos ha sucedido el necesitar una cabina con urgencia, el encontrar una tras un buen rato de b\u00fasqueda y el toparnos con el tel\u00e9fono roto, no operativo, directamente quemado. Todo ello no impide que a uno le entre una morri\u00f1a especial. Me acuerdo de un hermos\u00edsimo poema de Pere Gimferrer que comienza as\u00ed: \u00abEn las cabinas telef\u00f3nicas hay misteriosas inscripciones dibujadas con l\u00e1piz de labios. Son las \u00faltimas palabras de las dulces muchachas rubias que con el escote ensangrentado se refugian all\u00ed para morir\u00bb.As\u00ed que ya me veo como el abuelo Cebolleta, contando a los j\u00f3venes por qu\u00e9 Jos\u00e9 Lu\u00eds L\u00f3pez V\u00e1zquez estaba metido en un extra\u00f1o ata\u00fad de cristal del que no pod\u00eda escapar. Y por qu\u00e9, a ra\u00edz del inmenso \u00e9xito del telefilm (\u00fanico Emmy espa\u00f1ol de la historia) y del impacto que provoc\u00f3 en todos los espa\u00f1olitos, no hab\u00eda uno solo que al entrar en una cabina no se asegurase de que la puerta no se cerraba del todo. Los chicos de la ESO, que no saben qui\u00e9n fue Franco, en poco tiempo dejar\u00e1n de saber que exist\u00edan unas cabinas que mucha gente utilizamos para llamar (desde la intimidad que no te proporcionaba el hogar) a una chica que nos gustaba, o que serv\u00eda para refugiarnos de la lluvia y del fr\u00edo, o para llamar al extranjero a alguien muy especial. Porque en el extranjero las cabinas ten\u00edan n\u00famero y pod\u00edas llamar. S\u00f3lo te ten\u00edas que poner de acuerdo con la otra persona: en la cabina de Avenue de Grammont, todos los d\u00edas a las 20 h., \u00bfrecuerdas? Nos tendremos que acostumbrar a un mundo sin cabinas de tel\u00e9fono. Y no s\u00f3lo en el mundo real. No me imagino la historia del cine sin ver a muchos de mis actores favoritos dentro de una cabina. \u00ab\u00daltima llamada\u00bb tal vez sea el \u00faltimo ejemplo de un cine que muere. Su guionista llevaba mucho tiempo intentando hacer una pel\u00edcula cuya acci\u00f3n transcurriera dentro de una cabina de tel\u00e9fono: un marco incomparable para quedarse atrapado, justo en medio de la ciudad y rodeado por cientos de personas. \u00bfQu\u00e9 haremos en el futuro sin nuestras queridas cabinas telef\u00f3nicas? Y lo que es m\u00e1s importante: \u00bfd\u00f3nde co\u00f1o se va a cambiar ahora Superman de ropa?<\/DIV><\/SMALL><\/DIV><\/BIG><\/DIV><!-- fin-art--><\/p>\n","protected":false},"excerpt":{"rendered":"<p>Publicado en El Norte de Castilla el 13 de diciembre de 2007 Nos cuentan que AT&#038;T, primera operadora de EE. UU., va a abandonar el negocio de las cabinas telef\u00f3nicas. Que tras 129 a\u00f1os han dejado de ser rentables. Que ya s\u00f3lo mantienen 60.000 para una poblaci\u00f3n de 300 millones. Que los m\u00f3viles se han [&hellip;]<\/p>\n","protected":false},"author":4,"featured_media":0,"comment_status":"open","ping_status":"closed","sticky":false,"template":"","format":"standard","meta":[],"categories":[7],"tags":[],"_links":{"self":[{"href":"https:\/\/blogs.elnortedecastilla.es\/vicentealvarez\/wp-json\/wp\/v2\/posts\/293"}],"collection":[{"href":"https:\/\/blogs.elnortedecastilla.es\/vicentealvarez\/wp-json\/wp\/v2\/posts"}],"about":[{"href":"https:\/\/blogs.elnortedecastilla.es\/vicentealvarez\/wp-json\/wp\/v2\/types\/post"}],"author":[{"embeddable":true,"href":"https:\/\/blogs.elnortedecastilla.es\/vicentealvarez\/wp-json\/wp\/v2\/users\/4"}],"replies":[{"embeddable":true,"href":"https:\/\/blogs.elnortedecastilla.es\/vicentealvarez\/wp-json\/wp\/v2\/comments?post=293"}],"version-history":[{"count":0,"href":"https:\/\/blogs.elnortedecastilla.es\/vicentealvarez\/wp-json\/wp\/v2\/posts\/293\/revisions"}],"wp:attachment":[{"href":"https:\/\/blogs.elnortedecastilla.es\/vicentealvarez\/wp-json\/wp\/v2\/media?parent=293"}],"wp:term":[{"taxonomy":"category","embeddable":true,"href":"https:\/\/blogs.elnortedecastilla.es\/vicentealvarez\/wp-json\/wp\/v2\/categories?post=293"},{"taxonomy":"post_tag","embeddable":true,"href":"https:\/\/blogs.elnortedecastilla.es\/vicentealvarez\/wp-json\/wp\/v2\/tags?post=293"}],"curies":[{"name":"wp","href":"https:\/\/api.w.org\/{rel}","templated":true}]}}