{"id":300,"date":"2007-12-27T15:46:04","date_gmt":"2007-12-27T15:46:04","guid":{"rendered":"http:\/\/blogs.elnortedecastilla.es\/vicentealvarez\/?p=300"},"modified":"2007-12-27T15:46:04","modified_gmt":"2007-12-27T15:46:04","slug":"se-armo-belen","status":"publish","type":"post","link":"https:\/\/blogs.elnortedecastilla.es\/vicentealvarez\/2007\/12\/27\/se-armo-belen\/","title":{"rendered":"SE ARM\u00d3 EL BEL\u00c9N"},"content":{"rendered":"<p><IMG class=imgizqda id=img_0 src=\"\/vicentealvarez\/wp-content\/uploads\/sites\/3\"><EM>Publicado en El Norte de Castilla el 27 de diciembre de 2007<\/EM><\/p>\n<p><P class=MsoNormal style=\"MARGIN: 0cm 0cm 0pt; TEXT-ALIGN: justify\"><FONT face=\"Times New Roman\" size=3>Los humanos tenemos una capacidad \u00fanica para montar el bel\u00e9n sin venir a cuento. Y no hablo, claro, de andar colocando entre musgo artificial a pastorcillos sonrosados, angelotes a lo Salzillo y caganers escondidos tras las zarzas. En las \u00faltimas semanas, algunas noticias han venido a confirmar que estamos construyendo una sociedad idiotizada y completamente paranoica. La estupidez viene de EEUU, como siempre; aunque ellos se limitan a parir sandeces y disparates que luego nosotros copiamos como pat\u00e9ticos monos de repetici\u00f3n. All\u00ed, acaban de editar en DVD la m\u00edtica serie Barrio S\u00e9samo, que fue catecismo de la infancia de varias generaciones durante los a\u00f1os setenta y ochenta. Pues bien, a los descerebrados de turno se les ha ocurrido censurar el programa y calificarlo con dos rombos. \u201cEl contenido es para mayores y podr\u00eda no ser apto para los ni\u00f1os de preescolar de hoy\u201d, advierten en la car\u00e1tula. Dicen los sesudos expertos que ya en el primer cap\u00edtulo una ni\u00f1a se hace amiga de un desconocido que la invita a su casa a tomar leche con galletas. Algo, al parecer, inconcebible hoy en d\u00eda debido a los continuos casos de pederastia. En otra escena, Epi le pide a Blas que le pase el jab\u00f3n mientras est\u00e1 en la ducha. Esto casi es peor. La vieja historia de si Epi y Blas formaban una pareja gay. La cosa no queda ah\u00ed, claro. Los especialistas sostienen que hay modelos de comportamiento de entonces que hoy no son aceptables. Por ejemplo, que Triqui fumara en pipa y despu\u00e9s se la comiera. O que se hinchara a comer galletas, algo que estimular\u00eda la obesidad infantil. En la nueva versi\u00f3n, Triqui come zanahorias. Si estos censores enfermos supieran lo que se puede hacer con una zanahoria bien lubricada\u2026. Dan ganas de hac\u00e9rselo probar en sus propias carnes. Acabar\u00e1n convenci\u00e9ndonos de que Marco fomenta la inmigraci\u00f3n ilegal de ni\u00f1os y Heidi el consumo de drogas (&#8220;abuelito, dime t\u00fa, por qu\u00e9 huele el aire as\u00ed, por qu\u00e9 en una nube voy, por qu\u00e9 soy tan feliz\u201d). Eso por no hablar del teletubbie maripos\u00f3n o de don Pepito y don Jos\u00e9, que son \u201cdos tipos casi divinos\u201d. La sociedad tiene que estar muy enferma para ver en la inocencia de unos mu\u00f1ecos las maldades de los mayores. Es lo que tienen los censores. Y algunos expertos. No hace mucho, uno de estos tipos asegur\u00f3 en un concienzudo estudio que Tintin no crece (y sigue sin tener barba, ni impulsos sexuales, ni canas) debido a una deficiencia hormonal asociada a los reiterados golpes que sufri\u00f3 en sus aventuras. La gravedad de los casos fue evaluada en funci\u00f3n del n\u00famero de estrellas y\/o velitas que giran alrededor de Tint\u00edn despu\u00e9s de cada golpe y del tiempo que dur\u00f3 la p\u00e9rdida de conocimiento. Ya s\u00f3lo falta que venga otro listo y nos diga que Tintin y Haddock eran pareja. No s\u00e9 si tiene algo que ver con toda esta basura pero hace poco detuvieron en Florida a una ni\u00f1a de diez a\u00f1os porque la sorprendieron cortando la comida de su almuerzo con un cuchillo. Fue acusada de posesi\u00f3n de arma blanca dentro del colegio y conducida a los servicios sociales, imagino que para que le aplicasen la ley antiterrorista. A qui\u00e9n se le ocurre, de todas formas, pelar una manzana con un cuchillo pudi\u00e9ndolo hacer con un buen Kalashnikov que cualquier vecino podr\u00eda haberle prestado sin problemas. Al menos, esta vez la polic\u00eda intervino a tiempo y evit\u00f3 una masacre. Seguro que la temible ni\u00f1a hab\u00eda visto alg\u00fan cap\u00edtulo de Barrio S\u00e9samo.<\/FONT><\/p>\n","protected":false},"excerpt":{"rendered":"<p>Publicado en El Norte de Castilla el 27 de diciembre de 2007 Los humanos tenemos una capacidad \u00fanica para montar el bel\u00e9n sin venir a cuento. Y no hablo, claro, de andar colocando entre musgo artificial a pastorcillos sonrosados, angelotes a lo Salzillo y caganers escondidos tras las zarzas. En las \u00faltimas semanas, algunas noticias [&hellip;]<\/p>\n","protected":false},"author":4,"featured_media":0,"comment_status":"open","ping_status":"closed","sticky":false,"template":"","format":"standard","meta":[],"categories":[7],"tags":[],"_links":{"self":[{"href":"https:\/\/blogs.elnortedecastilla.es\/vicentealvarez\/wp-json\/wp\/v2\/posts\/300"}],"collection":[{"href":"https:\/\/blogs.elnortedecastilla.es\/vicentealvarez\/wp-json\/wp\/v2\/posts"}],"about":[{"href":"https:\/\/blogs.elnortedecastilla.es\/vicentealvarez\/wp-json\/wp\/v2\/types\/post"}],"author":[{"embeddable":true,"href":"https:\/\/blogs.elnortedecastilla.es\/vicentealvarez\/wp-json\/wp\/v2\/users\/4"}],"replies":[{"embeddable":true,"href":"https:\/\/blogs.elnortedecastilla.es\/vicentealvarez\/wp-json\/wp\/v2\/comments?post=300"}],"version-history":[{"count":0,"href":"https:\/\/blogs.elnortedecastilla.es\/vicentealvarez\/wp-json\/wp\/v2\/posts\/300\/revisions"}],"wp:attachment":[{"href":"https:\/\/blogs.elnortedecastilla.es\/vicentealvarez\/wp-json\/wp\/v2\/media?parent=300"}],"wp:term":[{"taxonomy":"category","embeddable":true,"href":"https:\/\/blogs.elnortedecastilla.es\/vicentealvarez\/wp-json\/wp\/v2\/categories?post=300"},{"taxonomy":"post_tag","embeddable":true,"href":"https:\/\/blogs.elnortedecastilla.es\/vicentealvarez\/wp-json\/wp\/v2\/tags?post=300"}],"curies":[{"name":"wp","href":"https:\/\/api.w.org\/{rel}","templated":true}]}}