{"id":301,"date":"2007-12-30T12:45:09","date_gmt":"2007-12-30T12:45:09","guid":{"rendered":"http:\/\/blogs.elnortedecastilla.es\/vicentealvarez\/?p=301"},"modified":"2007-12-30T12:45:09","modified_gmt":"2007-12-30T12:45:09","slug":"marco-polo","status":"publish","type":"post","link":"https:\/\/blogs.elnortedecastilla.es\/vicentealvarez\/2007\/12\/30\/marco-polo\/","title":{"rendered":"MARCO POLO"},"content":{"rendered":"<p><IMG class=imgcen id=img_0 src=\"\/vicentealvarez\/wp-content\/uploads\/sites\/3\"><P class=MsoNormal style=\"MARGIN: 0cm 0cm 6pt\"><FONT size=3><FONT face=\"Times New Roman\">Resulta prodigiosa la capacidad de evocaci\u00f3n que la m\u00fasica tiene sobre nosotros. No conozco otra forma m\u00e1s arrebatadora de recuerdo (quiz\u00e1 el olor de un perfume muy particular e \u00edntimo) que el que nos viene marcado por una melod\u00eda que nos cautiv\u00f3 en el pasado. Algo as\u00ed me sucede con la incre\u00edble banda sonora de \u201cMarco Polo\u201d, compuesta por el maestro Ennio Morricone para ambientar las aventuras del viajante veneciano en una miniserie producida por la RAI y emitida en el lejano 1982. No recuerdo nada de las andanzas de Marco Polo, que cruz\u00f3 mares y desiertos para descubrir los misterios del lejano Oriente, pero durante estos veinticinco a\u00f1os no ha dejado de taconear en mi mente la maravillosa m\u00fasica de aquella serie. Tard\u00e9 much\u00edsimos a\u00f1os en conseguir el disco: una digitalizaci\u00f3n de la edici\u00f3n sencilla extra\u00edda del LP original. Pensaba que era la edici\u00f3n definitiva. Sin embargo, el a\u00f1o pasado la RAI tir\u00f3 la casa por la ventana y edit\u00f3, por fin, la edici\u00f3n oficial completa en 2 CDs: m\u00e1s de dos horas (136 minutos) de una de las bandas sonoras m\u00e1s hermosas de todos los tiempos. No he parado hasta conseguirla. Aunque Ennio Morricone ha escrito la m\u00fasica de m\u00e1s de 400 pel\u00edculas, muchas de ellas piedras angulares de la historia del cine, tengo a \u201cMarco Polo\u201d como su obra maestra. Morricone es un mercenario que vende su batuta al mejor postor. No deber\u00eda de estar mal visto. Eso hicieron Leonardo y Miguel \u00c1ngel, por ejemplo. Todos ellos han conseguido que la belleza sea a\u00fan m\u00e1s dif\u00edcil de explicar que la felicidad. \u201cMarco Polo\u201d es un buen ejemplo: una obra de culto con infinitos toques musicales preciosistas: relajante, evocadora, sinf\u00f3nica y decadente. El tema principal, asociado al personaje de Marco Polo, es una de las melod\u00edas m\u00e1s bellas de toda la historia y Morricone nos deleita con m\u00faltiples versiones, especialmente en el primer CD. El segundo tiene un estilo marcadamente oriental y nos describe de forma deliciosa la estancia de Marco Polo en Chica bajo el amparo de Kublai Khan. No conozco, en fin, una forma mejor de despedir el a\u00f1o y, sobre todo, de entrar con buen pie en el nuevo, que sumergirse en el ba\u00f1o de belleza de este disco, una obra que ejemplifica como pocas aquel dicho de que la belleza es ese misterio hermoso que no descifran ni la psicolog\u00eda ni la ret\u00f3rica. O aquel otro que nos recuerda que la belleza, como el dolor, hace sufrir.<?xml:namespace prefix = o ns = \"urn:schemas-microsoft-com:office:office\" \/><o:p><\/o:p><\/FONT><\/FONT><\/p>\n","protected":false},"excerpt":{"rendered":"<p>Resulta prodigiosa la capacidad de evocaci\u00f3n que la m\u00fasica tiene sobre nosotros. No conozco otra forma m\u00e1s arrebatadora de recuerdo (quiz\u00e1 el olor de un perfume muy particular e \u00edntimo) que el que nos viene marcado por una melod\u00eda que nos cautiv\u00f3 en el pasado. Algo as\u00ed me sucede con la incre\u00edble banda sonora de [&hellip;]<\/p>\n","protected":false},"author":4,"featured_media":0,"comment_status":"open","ping_status":"closed","sticky":false,"template":"","format":"standard","meta":[],"categories":[6],"tags":[],"_links":{"self":[{"href":"https:\/\/blogs.elnortedecastilla.es\/vicentealvarez\/wp-json\/wp\/v2\/posts\/301"}],"collection":[{"href":"https:\/\/blogs.elnortedecastilla.es\/vicentealvarez\/wp-json\/wp\/v2\/posts"}],"about":[{"href":"https:\/\/blogs.elnortedecastilla.es\/vicentealvarez\/wp-json\/wp\/v2\/types\/post"}],"author":[{"embeddable":true,"href":"https:\/\/blogs.elnortedecastilla.es\/vicentealvarez\/wp-json\/wp\/v2\/users\/4"}],"replies":[{"embeddable":true,"href":"https:\/\/blogs.elnortedecastilla.es\/vicentealvarez\/wp-json\/wp\/v2\/comments?post=301"}],"version-history":[{"count":0,"href":"https:\/\/blogs.elnortedecastilla.es\/vicentealvarez\/wp-json\/wp\/v2\/posts\/301\/revisions"}],"wp:attachment":[{"href":"https:\/\/blogs.elnortedecastilla.es\/vicentealvarez\/wp-json\/wp\/v2\/media?parent=301"}],"wp:term":[{"taxonomy":"category","embeddable":true,"href":"https:\/\/blogs.elnortedecastilla.es\/vicentealvarez\/wp-json\/wp\/v2\/categories?post=301"},{"taxonomy":"post_tag","embeddable":true,"href":"https:\/\/blogs.elnortedecastilla.es\/vicentealvarez\/wp-json\/wp\/v2\/tags?post=301"}],"curies":[{"name":"wp","href":"https:\/\/api.w.org\/{rel}","templated":true}]}}