{"id":302,"date":"2008-01-03T16:35:33","date_gmt":"2008-01-03T16:35:33","guid":{"rendered":"http:\/\/blogs.elnortedecastilla.es\/vicentealvarez\/?p=302"},"modified":"2008-01-03T16:35:33","modified_gmt":"2008-01-03T16:35:33","slug":"el-ano-juan-ramon","status":"publish","type":"post","link":"https:\/\/blogs.elnortedecastilla.es\/vicentealvarez\/2008\/01\/03\/el-ano-juan-ramon\/","title":{"rendered":"EL A\u00d1O JUAN RAM\u00d3N"},"content":{"rendered":"<p><IMG class=imgizqda id=img_1 src=\"\/vicentealvarez\/wp-content\/uploads\/sites\/3\"><EM>Publicado en El Norte de Castilla el 3 de enero de 2008<\/EM><\/p>\n<p><DIV class=text><DIV class=barhead><DIV class=ln id=story-entradilla><\/DIV><\/DIV><DIV class=p id=story-texto>Supongo que ser\u00eda muy f\u00e1cil hablar de los sapos y culebras que han salido por la boca del obispo de Tenerife. Como no es bueno empezar el a\u00f1o encabronado y como, adem\u00e1s, \u00e9l mismo con sus rebuznos ha revelado su pensamiento oculto y se ha puesto en evidencia, le dejamos hablar un momentito y nos olvidamos despu\u00e9s de \u00e9l, no sea que se nos atraganten las uvas. Dice el se\u00f1or del b\u00e1culo, refiri\u00e9ndose a un tema tan terrible como el de los abusos a menores: \u00abPuede haber menores que s\u00ed los consientan y, de hecho, los hay. Hay adolescentes de 13 a\u00f1os que son menores y est\u00e1n perfectamente de acuerdo y, adem\u00e1s, dese\u00e1ndolo. Incluso si te descuidas te provocan\u00bb. Y a\u00f1ade sobre la homosexualidad: \u00abNo es pol\u00edticamente correcto decir que es una enfermedad, una carencia, una deformaci\u00f3n de la naturaleza propia del ser humano. Eso que dec\u00eda cualquier diccionario de psiquiatr\u00eda diez a\u00f1os atr\u00e1s, hoy no se puede decir. S\u00f3lo un 6% de los homosexuales se deben a cuestiones biol\u00f3gicas; no hay que confundir la homosexualidad como necesidad existencial de una persona, con la que es practicada como vicio. La persona practica, como podr\u00eda practicar el abuso de menores\u00bb. Cagont\u00f3, lo que hay que escuchar. Hablando de rebuznos, acabo de regresar al m\u00e1gico y tierno mundo de &#8216;Platero y yo&#8217;, el burrito peque\u00f1o, dulce juguete para los ni\u00f1os, acero y plata de luna, peludo, suave, con ojos de espejo de azabache, tan blando que parece de algod\u00f3n. No debemos olvidar que entramos en el a\u00f1o Juan Ram\u00f3n Jim\u00e9nez y que en el 2008 se cumplir\u00e1n cincuenta a\u00f1os de la muerte del genial poeta. Por ello, la editorial Visor tiene previsto publicar 48 t\u00edtulos con las Obras Completas en un proyecto fastuoso dirigido por Javier Blasco. Ser\u00e1 el momento de aproximarnos de nuevo a lo absoluto por medio de los s\u00edmbolos; de que alguien nos vuelva a leer, de vez en cuando, versos de Juan Ram\u00f3n; de acordarnos, otra vez, del poeta vestido de luto con su barba nazarena y su breve sombrero negro mientras cabalga en la blandura gris de Platero. Llevo unas cuantas horas del 2008 sumergido en sirenas de medianoche, en recuerdos secretos, en dolientes ramas de hojas oto\u00f1ales, en jazmines con sol, en nieve vestida de vagos carmines, en lluvias que dejan solitarios los jardines, en hogueras altivas, en robles melenudos. Juan Ram\u00f3n nos regal\u00f3 inquietudes po\u00e9ticas universales (por ejemplo, \u00bfcu\u00e1ndo duermen los \u00e1rboles? o \u00bfd\u00f3nde cantan los p\u00e1jaros que cantan?), nos mir\u00f3 a trav\u00e9s de ventanas conocidas con cuadros de Murillo, nos obsequi\u00f3 con el &#8216;striptease&#8217; de la poes\u00eda (\u00aby la poes\u00eda se quit\u00f3 todos esos ropajes y se qued\u00f3 desnuda\u00bb), nos advirti\u00f3 que de noche el oro es plata, nos leg\u00f3 versos memorables (\u00abEs verdad ya. Mas fue tan mentira que sigue siendo imposible siempre\u00bb). Si todav\u00eda viviese, a su definici\u00f3n de asnograf\u00eda (\u00abhombre imb\u00e9cil que escribe diccionarios\u00bb) a\u00f1adir\u00eda la de hombre miserable de mente retorcida que ve perversidades por todos lados. Y es que, seg\u00fan algunos asnos, entre las minifaldas de las mujeres y las provocaciones de los menores no vamos a poder salir de casa. As\u00ed que mejor regresar a sus versos encendidos (\u00abY en esa luz est\u00e1s t\u00fa; pero no s\u00e9 d\u00f3nde est\u00e1s, no s\u00e9 d\u00f3nde est\u00e1 la luz\u00bb) y sumergirnos en aquella m\u00e1quina de coser palabras que lloraba la p\u00e9rdida de un burro y se preguntaba si le habr\u00eda olvidado. \u00abPlatero, dime: \u00bfte acuerdas a\u00fan de mi?\u00bb<\/DIV><\/DIV><!-- fin-art--><\/p>\n","protected":false},"excerpt":{"rendered":"<p>Publicado en El Norte de Castilla el 3 de enero de 2008 Supongo que ser\u00eda muy f\u00e1cil hablar de los sapos y culebras que han salido por la boca del obispo de Tenerife. Como no es bueno empezar el a\u00f1o encabronado y como, adem\u00e1s, \u00e9l mismo con sus rebuznos ha revelado su pensamiento oculto y [&hellip;]<\/p>\n","protected":false},"author":4,"featured_media":0,"comment_status":"open","ping_status":"closed","sticky":false,"template":"","format":"standard","meta":[],"categories":[7],"tags":[],"_links":{"self":[{"href":"https:\/\/blogs.elnortedecastilla.es\/vicentealvarez\/wp-json\/wp\/v2\/posts\/302"}],"collection":[{"href":"https:\/\/blogs.elnortedecastilla.es\/vicentealvarez\/wp-json\/wp\/v2\/posts"}],"about":[{"href":"https:\/\/blogs.elnortedecastilla.es\/vicentealvarez\/wp-json\/wp\/v2\/types\/post"}],"author":[{"embeddable":true,"href":"https:\/\/blogs.elnortedecastilla.es\/vicentealvarez\/wp-json\/wp\/v2\/users\/4"}],"replies":[{"embeddable":true,"href":"https:\/\/blogs.elnortedecastilla.es\/vicentealvarez\/wp-json\/wp\/v2\/comments?post=302"}],"version-history":[{"count":0,"href":"https:\/\/blogs.elnortedecastilla.es\/vicentealvarez\/wp-json\/wp\/v2\/posts\/302\/revisions"}],"wp:attachment":[{"href":"https:\/\/blogs.elnortedecastilla.es\/vicentealvarez\/wp-json\/wp\/v2\/media?parent=302"}],"wp:term":[{"taxonomy":"category","embeddable":true,"href":"https:\/\/blogs.elnortedecastilla.es\/vicentealvarez\/wp-json\/wp\/v2\/categories?post=302"},{"taxonomy":"post_tag","embeddable":true,"href":"https:\/\/blogs.elnortedecastilla.es\/vicentealvarez\/wp-json\/wp\/v2\/tags?post=302"}],"curies":[{"name":"wp","href":"https:\/\/api.w.org\/{rel}","templated":true}]}}