{"id":3058,"date":"2019-11-20T21:17:42","date_gmt":"2019-11-20T20:17:42","guid":{"rendered":"https:\/\/blogs.elnortedecastilla.es\/vicentealvarez\/?p=3058"},"modified":"2019-11-20T21:17:42","modified_gmt":"2019-11-20T20:17:42","slug":"lucrecia-borgia-la-hija-del-papa","status":"publish","type":"post","link":"https:\/\/blogs.elnortedecastilla.es\/vicentealvarez\/2019\/11\/20\/lucrecia-borgia-la-hija-del-papa\/","title":{"rendered":"LUCRECIA BORGIA, LA HIJA DEL PAPA"},"content":{"rendered":"<p><a href=\"https:\/\/static-blogs.elnortedecastilla.es\/wp-content\/uploads\/sites\/3\/2019\/11\/lucrecia.jpg\"><img loading=\"lazy\" class=\"alignleft size-medium wp-image-3059\" src=\"https:\/\/static-blogs.elnortedecastilla.es\/wp-content\/uploads\/sites\/3\/2019\/11\/lucrecia-203x300.jpg\" alt=\"\" width=\"203\" height=\"300\" srcset=\"https:\/\/static-blogs.elnortedecastilla.es\/wp-content\/uploads\/sites\/3\/2019\/11\/lucrecia-203x300.jpg 203w, https:\/\/static-blogs.elnortedecastilla.es\/wp-content\/uploads\/sites\/3\/2019\/11\/lucrecia.jpg 600w\" sizes=\"(max-width: 203px) 100vw, 203px\" \/><\/a>Cuando en 2014 supimos que Dar\u00edo Fo hab\u00eda escrito, con 88 a\u00f1os, su primera novela, protagonizada adem\u00e1s por Lucrecia Borgia, los amantes de la Italia del Renacimiento lo celebramos a lo grande. Son muchas las novelas ambientadas en la Italia renacentista que uno ha tenido la oportunidad de leer. Muchas de ellas de calidad algo m\u00e1s que dudosa, lo que no impide que, a pesar de todo, resulten tan amenas como encantadoras (sin duda por la tem\u00e1tica tratada). Como poco hab\u00eda que esperar algo parecido en la novela del premio Nobel. Sin embargo, el sabor de boca que deja \u201cLucrecia Borgia, la hija del Papa\u201d, es bastante amargo y, desde luego, algo decepcionante. La nota m\u00e1s positiva y rese\u00f1able es que Dar\u00edo Fo rehabilita a lo grande a Lucrecia Borgia, la que durante tanto tiempo fue considerada el m\u00e1ximo ejemplo de maldad femenina, una mujer perversa, envenenadora, intrigante y con cientos de amantes entre los que estaban su hermano C\u00e9sar y su propio padre, el papa Alejandro VI. Hace tiempo que se sabe que todo ello es falso y forma parte de la leyenda negra que, sobre los Borgia, inventaron sus enemigos, encabezados por el infame papa Julio II y por Burkhardt, el secretario personal del papa Alejandro VI, adem\u00e1s de por todas las grandes familias italianas que siempre consideraron a la familia espa\u00f1ola Borgia, los Borja, unos intrusos. Dar\u00edo Fo nos presenta a una Lucrecia v\u00edctima de los intereses pol\u00edticos familiares, una mujer a la que casaba y descasaba la familia (como hac\u00edan por entonces todas las familias con las mujeres de la casa), pero tambi\u00e9n una mujer astuta, bella, extraordinariamente culta, amante de las artes y las letras que supo incluso reclutar ej\u00e9rcitos, sustituir a su padre como vicaria, ser regente de la ciudad de Ferrara cuando era duquesa, ser comprensiva tanto con los nobles como con el pueblo, fundar el Monte de Piedad de Ferrara para combatir la usura o patrocinar conventos para ayudar a los pobres. Hasta aqu\u00ed meritoria y loable la intenci\u00f3n de Dar\u00edo Fo. Entonces, \u00bfqu\u00e9 falla en la novela para no haberme apasionado tanto como hacen la inmensa mayor\u00eda de novelas ambientadas en la Italia renacentista?\u00a0 Pues bien, por una parte, el estilo tan fr\u00edo, distante y teatral que emplea Dar\u00edo Fo, muy forzado a la hora de incluir escenas que quieren imitar, al menos eso dice en un momento dado, las piezas improvisadas de teatro a la italiana, todo muy en plan tradici\u00f3n bufonesca y, por si fuera poco, introduciendo notas a pie de p\u00e1gina, como si fuese un mediocre ensayo decimon\u00f3nico (por las anticuadas fuentes que parece utilizar por momentos). Por otra parte, resulta imperdonable el seguir alimentando la leyenda negra en torno a los Borgia (con la excepci\u00f3n de la subida a los altares de Lucrecia), presentando a Alejandro VI y a C\u00e9sar Borgia como dos monstruos. En fin, a estas alturas est\u00e1 suficientemente demostrado que la familia Borgia no fue ni mejor ni peor que otras renombradas familias renacentistas y que un papa como Alejandro VI fue infinitamente m\u00e1s inteligente y humano que muchos de sus predecesores y sucesores, con especial \u00e9nfasis en el inmundo Julio II. \u00bfY si tan perversos y envenenadores eran C\u00e9sar Borgia y Alejandro VI c\u00f3mo es que no eliminaron a Giuliano della Rovere (el futuro Julio II) cuando tuvieron mil oportunidades y un mill\u00f3n de motivos para hacerlo? Algo, por cierto, que siempre reproch\u00f3 Maquiavelo a C\u00e9sar Borgia, a quien, por otro lado, consideraba el ejemplo perfecto de Pr\u00edncipe italiano.<\/p>\n<p>Para terminar, dejo dos citas significativas de la novela:<\/p>\n<p>\u201cLa cantinela de la calumnia siempre acaba ganando\u201d (Lucrecia quej\u00e1ndose de la leyenda negra que ya empezaba a formarse).<\/p>\n<p>\u201cAl igual que en el teatro en boga en aquella \u00e9poca, no nos queda otra que bajar el tel\u00f3n y cambiar de escena\u201d (todo muy teatral, en efecto).<\/p>\n","protected":false},"excerpt":{"rendered":"<p>Cuando en 2014 supimos que Dar\u00edo Fo hab\u00eda escrito, con 88 a\u00f1os, su primera novela, protagonizada adem\u00e1s por Lucrecia Borgia, los amantes de la Italia del Renacimiento lo celebramos a lo grande. Son muchas las novelas ambientadas en la Italia renacentista que uno ha tenido la oportunidad de leer. Muchas de ellas de calidad algo [&hellip;]<\/p>\n","protected":false},"author":4,"featured_media":0,"comment_status":"open","ping_status":"open","sticky":false,"template":"","format":"standard","meta":[],"categories":[11],"tags":[],"_links":{"self":[{"href":"https:\/\/blogs.elnortedecastilla.es\/vicentealvarez\/wp-json\/wp\/v2\/posts\/3058"}],"collection":[{"href":"https:\/\/blogs.elnortedecastilla.es\/vicentealvarez\/wp-json\/wp\/v2\/posts"}],"about":[{"href":"https:\/\/blogs.elnortedecastilla.es\/vicentealvarez\/wp-json\/wp\/v2\/types\/post"}],"author":[{"embeddable":true,"href":"https:\/\/blogs.elnortedecastilla.es\/vicentealvarez\/wp-json\/wp\/v2\/users\/4"}],"replies":[{"embeddable":true,"href":"https:\/\/blogs.elnortedecastilla.es\/vicentealvarez\/wp-json\/wp\/v2\/comments?post=3058"}],"version-history":[{"count":1,"href":"https:\/\/blogs.elnortedecastilla.es\/vicentealvarez\/wp-json\/wp\/v2\/posts\/3058\/revisions"}],"predecessor-version":[{"id":3060,"href":"https:\/\/blogs.elnortedecastilla.es\/vicentealvarez\/wp-json\/wp\/v2\/posts\/3058\/revisions\/3060"}],"wp:attachment":[{"href":"https:\/\/blogs.elnortedecastilla.es\/vicentealvarez\/wp-json\/wp\/v2\/media?parent=3058"}],"wp:term":[{"taxonomy":"category","embeddable":true,"href":"https:\/\/blogs.elnortedecastilla.es\/vicentealvarez\/wp-json\/wp\/v2\/categories?post=3058"},{"taxonomy":"post_tag","embeddable":true,"href":"https:\/\/blogs.elnortedecastilla.es\/vicentealvarez\/wp-json\/wp\/v2\/tags?post=3058"}],"curies":[{"name":"wp","href":"https:\/\/api.w.org\/{rel}","templated":true}]}}