{"id":306,"date":"2008-01-10T16:22:54","date_gmt":"2008-01-10T16:22:54","guid":{"rendered":"http:\/\/blogs.elnortedecastilla.es\/vicentealvarez\/?p=306"},"modified":"2008-01-10T16:22:54","modified_gmt":"2008-01-10T16:22:54","slug":"los-senores-la-tijera","status":"publish","type":"post","link":"https:\/\/blogs.elnortedecastilla.es\/vicentealvarez\/2008\/01\/10\/los-senores-la-tijera\/","title":{"rendered":"LOS SE\u00d1ORES DE LA TIJERA"},"content":{"rendered":"<p><IMG class=imgizqda id=img_0 src=\"\/vicentealvarez\/wp-content\/uploads\/sites\/3\"><\/p>\n<p><EM>Publicado en El Norte de Castilla el 10 de enero de 2008<\/EM><\/p>\n<p><DIV class=p id=story-texto>Todos los a\u00f1os, a principios de enero, cumplo con un extra\u00f1o e ineludible ritual consistente en volver a ver &#8216;Con la muerte en los talones&#8217;, algo que recomiendo a todo el mundo. Apuesto a que es una de las mejores formas de empezar el a\u00f1o. Eso s\u00ed, hay que verla en versi\u00f3n original para no escandalizarse y cabrearse por culpa de la apestosa censura que mutil\u00f3 casi cuatro minutos de la cinta original. Cuando Cary Grant y Eva Marie Saint se quedan solos en el compartimento del tren y comienzan un excitante juego de seducci\u00f3n aderezado con di\u00e1logos ingenios\u00edsimos, los se\u00f1ores de la tijera decidieron cortar por lo sano. Lo peor es que toda la escena, recuperada en el DVD, es doblada con voces distintas a las de los dobladores originales. Aberraci\u00f3n sobre aberraci\u00f3n, aunque lo que queda por encima de todo es el recuerdo de una \u00e9poca bochornosa en la que un pa\u00eds entero tuvo que someterse a la actuaci\u00f3n de un buen pu\u00f1ado de funcionarios de las ruinas (sacerdotes y militares en su mayor\u00eda) encargados de velar por la moral y las buenas costumbres. Al respecto, un documental sobre la censura en el cine titulado &#8216;Expediente 121&#8217; deber\u00eda de ser de obligada visi\u00f3n. En \u00e9l nos enteramos de las actividades de aquellos censores capaces de prohibir la proyecci\u00f3n de decenas de pel\u00edculas, desde los cl\u00e1sicos sovi\u00e9ticos a &#8216;El \u00faltimo tango en Par\u00eds&#8217;, &#8216;Viridiana&#8217;, &#8216;La dolce vita&#8217; o &#8216;El gran dictador&#8217;. La historia ya la sabemos. Lo que la mayor\u00eda desconoce es que nadie se libr\u00f3 de la mente enferma de aquellos tipos. Los censores ve\u00edan pecado en todo y todo lo prohib\u00edan. Les pon\u00edas un escote y su imaginaci\u00f3n calenturienta hac\u00eda el resto. Se prohib\u00eda cualquier referencia a la Guerra Civil, al genocidio nazi, al adulterio, a las relaciones fuera del matrimonio; se prohib\u00edan los besos, las faldas cortas, los biquinis, los cruces de piernas y, por supuesto, cualquier opini\u00f3n pol\u00edtica y religiosa que se desviara de las consignas dadas por aquel enano dictador de voz aflautada que, eso s\u00ed, ten\u00eda en el Pardo a su proyeccionista particular para ver todas las pel\u00edculas que quisiera. Los se\u00f1ores de la tijera, un hatajo de reprimidos que no eran otra cosa que el brazo ejecutor de un mando siniestro, descubrieron escenas peligrosas en &#8216;La chicas de la Cruz Roja&#8217;, en &#8216;La isla del tesoro&#8217;, en &#8216;La t\u00fanica sagrada&#8217;, en &#8216;El Cid&#8217; y hasta en las de Joselito y las de Paco Mart\u00ednez Soria. Nadie se libraba. \u00a1Ni siquiera &#8216;Sor Citroen&#8217;! A Tarz\u00e1n le censuraron los besos con Jane y el taparrabos en el cartel (con la mona Chita no se atrevieron). &#8216;Con faldas y a lo loco&#8217; fue prohibida en todo el territorio nacional, \u00abaunque s\u00f3lo sea por subsistir la veda de maricones\u00bb, seg\u00fan palabras del censor. En &#8216;El verdugo&#8217;, mientras Franco fusilaba y daba garrote vil, se censur\u00f3 el sonido de la muerte y m\u00e1s de cuatro minutos de pel\u00edcula. En fin, eran tan torpes y enfermos que en &#8216;Mogambo&#8217;, con el fin de evitar un adulterio, acabaron sugiriendo una relaci\u00f3n incestuosa. El 11 de noviembre de 1977, hace apenas treinta a\u00f1os, la censura desapareci\u00f3. Ahora existe otra censura (la que impone grandes grupos econ\u00f3micos e ideol\u00f3gicos a la hora de decidir lo que se tiene que ver y lo que se debe silenciar), sin embargo aquellos pat\u00e9ticos extremos de los censores franquistas han quedado definitivamente atr\u00e1s. Que ninguna mente enferma nos prive nunca m\u00e1s de ver la escena de seducci\u00f3n de Cary Grant a Eva Marie Saint en el Expreso Siglo XX.<\/DIV><!-- fin-art--><\/p>\n","protected":false},"excerpt":{"rendered":"<p>Publicado en El Norte de Castilla el 10 de enero de 2008 Todos los a\u00f1os, a principios de enero, cumplo con un extra\u00f1o e ineludible ritual consistente en volver a ver &#8216;Con la muerte en los talones&#8217;, algo que recomiendo a todo el mundo. Apuesto a que es una de las mejores formas de empezar [&hellip;]<\/p>\n","protected":false},"author":4,"featured_media":0,"comment_status":"open","ping_status":"closed","sticky":false,"template":"","format":"standard","meta":[],"categories":[7],"tags":[],"_links":{"self":[{"href":"https:\/\/blogs.elnortedecastilla.es\/vicentealvarez\/wp-json\/wp\/v2\/posts\/306"}],"collection":[{"href":"https:\/\/blogs.elnortedecastilla.es\/vicentealvarez\/wp-json\/wp\/v2\/posts"}],"about":[{"href":"https:\/\/blogs.elnortedecastilla.es\/vicentealvarez\/wp-json\/wp\/v2\/types\/post"}],"author":[{"embeddable":true,"href":"https:\/\/blogs.elnortedecastilla.es\/vicentealvarez\/wp-json\/wp\/v2\/users\/4"}],"replies":[{"embeddable":true,"href":"https:\/\/blogs.elnortedecastilla.es\/vicentealvarez\/wp-json\/wp\/v2\/comments?post=306"}],"version-history":[{"count":0,"href":"https:\/\/blogs.elnortedecastilla.es\/vicentealvarez\/wp-json\/wp\/v2\/posts\/306\/revisions"}],"wp:attachment":[{"href":"https:\/\/blogs.elnortedecastilla.es\/vicentealvarez\/wp-json\/wp\/v2\/media?parent=306"}],"wp:term":[{"taxonomy":"category","embeddable":true,"href":"https:\/\/blogs.elnortedecastilla.es\/vicentealvarez\/wp-json\/wp\/v2\/categories?post=306"},{"taxonomy":"post_tag","embeddable":true,"href":"https:\/\/blogs.elnortedecastilla.es\/vicentealvarez\/wp-json\/wp\/v2\/tags?post=306"}],"curies":[{"name":"wp","href":"https:\/\/api.w.org\/{rel}","templated":true}]}}